{"id":8371,"date":"2019-05-30T12:00:39","date_gmt":"2019-05-30T16:00:39","guid":{"rendered":"https:\/\/www.crcoc.ca\/call-for-volunteer-transportation-summer-replacement\/"},"modified":"2019-06-24T14:23:52","modified_gmt":"2019-06-24T18:23:52","slug":"call-for-volunteer-transportation-summer-replacement","status":"publish","type":"post","link":"https:\/\/www.crcoc.ca\/fr\/call-for-volunteer-transportation-summer-replacement\/","title":{"rendered":"Poste combl\u00e9: Transport \u2013 remplacement d\u2019\u00e9t\u00e9"},"content":{"rendered":"\n<p> Le b\u00e9n\u00e9vole fournira le transport 1 fois par semaine, le jeudi, \u00e0 deux participantes qui assistent au groupe social du Centre.  <\/p>\n\n\n\n<p> Poste de remplacement pour les mois de juillet, ao\u00fbt et septembre 2019. Le groupe commence \u00e0 13h jusqu\u2019\u00e0 15h.  <\/p>\n\n\n\n<p> Exigence&nbsp;: document d\u2019assurance de v\u00e9hicule pour 2 millions. Le kilom\u00e9trage est rembours\u00e9. <\/p>\n\n\n\n<h4 class=\"wp-block-heading\">Si vous \u00eates int\u00e9ress\u00e9, veuillez contacter: Rosanne Canzanella, coordonnatrice du programme des b\u00e9n\u00e9voles<br><strong>Email<\/strong>&nbsp;:&nbsp;<a href=\"mailto:rosanne@crcoc.ca\">rosanne@crcoc.ca<\/a><br><strong>T\u00e9l\u00e9phone<\/strong>&nbsp;: 613-830-4357 extension : 307 <\/h4>\n\n\n\n<p><\/p>\n","protected":false},"excerpt":{"rendered":"<p>Le b\u00e9n\u00e9vole fournira le transport 1 fois par semaine, le jeudi, \u00e0 deux participantes qui assistent au groupe social du Centre. Poste de remplacement pour les mois de juillet, ao\u00fbt et septembre 2019. Le groupe commence \u00e0 13h jusqu\u2019\u00e0 15h. Exigence&nbsp;: document d\u2019assurance de v\u00e9hicule pour 2 millions. Le kilom\u00e9trage est rembours\u00e9. Si vous \u00eates &#8230; <a title=\"Poste combl\u00e9: Transport \u2013 remplacement d\u2019\u00e9t\u00e9\" class=\"read-more\" href=\"https:\/\/www.crcoc.ca\/fr\/call-for-volunteer-transportation-summer-replacement\/\">Read more<\/a><\/p>\n","protected":false},"author":11,"featured_media":1459,"comment_status":"closed","ping_status":"closed","sticky":false,"template":"","format":"standard","meta":{"footnotes":""},"categories":[22],"tags":[52],"class_list":["post-8371","post","type-post","status-publish","format-standard","has-post-thumbnail","hentry","category-annonces","tag-volunteer"],"yoast_head":"<!-- This site is optimized with the Yoast SEO plugin v27.3 - https:\/\/yoast.com\/product\/yoast-seo-wordpress\/ -->\n<title>Poste combl\u00e9: Transport \u2013 remplacement d\u2019\u00e9t\u00e9 - CRCOC - OCCRC<\/title>\n<meta name=\"robots\" content=\"index, follow, max-snippet:-1, max-image-preview:large, max-video-preview:-1\" \/>\n<link rel=\"canonical\" href=\"https:\/\/www.crcoc.ca\/fr\/call-for-volunteer-transportation-summer-replacement\/\" \/>\n<meta property=\"og:locale\" content=\"fr_FR\" \/>\n<meta property=\"og:type\" content=\"article\" \/>\n<meta property=\"og:title\" content=\"Poste combl\u00e9: Transport \u2013 remplacement d\u2019\u00e9t\u00e9 - CRCOC - OCCRC\" \/>\n<meta property=\"og:description\" content=\"Le b\u00e9n\u00e9vole fournira le transport 1 fois par semaine, le jeudi, \u00e0 deux participantes qui assistent au groupe social du Centre. Poste de remplacement pour les mois de juillet, ao\u00fbt et septembre 2019. Le groupe commence \u00e0 13h jusqu\u2019\u00e0 15h. Exigence&nbsp;: document d\u2019assurance de v\u00e9hicule pour 2 millions. Le kilom\u00e9trage est rembours\u00e9. Si vous \u00eates ... Read more\" \/>\n<meta property=\"og:url\" content=\"https:\/\/www.crcoc.ca\/fr\/call-for-volunteer-transportation-summer-replacement\/\" \/>\n<meta property=\"og:site_name\" content=\"CRCOC - OCCRC\" \/>\n<meta property=\"article:publisher\" content=\"https:\/\/www.facebook.com\/OCCRC.CRCOC\/\" \/>\n<meta property=\"article:published_time\" content=\"2019-05-30T16:00:39+00:00\" \/>\n<meta property=\"article:modified_time\" content=\"2019-06-24T18:23:52+00:00\" \/>\n<meta property=\"og:image\" content=\"http:\/\/www.crcoc.ca\/wp-content\/uploads\/2019\/02\/Icone-fr_22.png\" \/>\n\t<meta property=\"og:image:width\" content=\"251\" \/>\n\t<meta property=\"og:image:height\" content=\"168\" \/>\n\t<meta property=\"og:image:type\" content=\"image\/png\" \/>\n<meta name=\"author\" content=\"Suzanne Wert\" \/>\n<meta name=\"twitter:card\" content=\"summary_large_image\" \/>\n<meta name=\"twitter:creator\" content=\"@OCCRC_CRCOC\" \/>\n<meta name=\"twitter:site\" content=\"@OCCRC_CRCOC\" \/>\n<meta name=\"twitter:label1\" content=\"\u00c9crit par\" \/>\n\t<meta name=\"twitter:data1\" content=\"Suzanne Wert\" \/>\n<script type=\"application\/ld+json\" class=\"yoast-schema-graph\">{\"@context\":\"https:\\\/\\\/schema.org\",\"@graph\":[{\"@type\":\"Article\",\"@id\":\"https:\\\/\\\/www.crcoc.ca\\\/fr\\\/call-for-volunteer-transportation-summer-replacement\\\/#article\",\"isPartOf\":{\"@id\":\"https:\\\/\\\/www.crcoc.ca\\\/fr\\\/call-for-volunteer-transportation-summer-replacement\\\/\"},\"author\":{\"name\":\"Suzanne Wert\",\"@id\":\"http:\\\/\\\/www.crcoc.ca\\\/fr\\\/#\\\/schema\\\/person\\\/a4e3a6160ebb7cea751a4427b208c856\"},\"headline\":\"Poste combl\u00e9: Transport \u2013 remplacement d\u2019\u00e9t\u00e9\",\"datePublished\":\"2019-05-30T16:00:39+00:00\",\"dateModified\":\"2019-06-24T18:23:52+00:00\",\"mainEntityOfPage\":{\"@id\":\"https:\\\/\\\/www.crcoc.ca\\\/fr\\\/call-for-volunteer-transportation-summer-replacement\\\/\"},\"wordCount\":89,\"publisher\":{\"@id\":\"http:\\\/\\\/www.crcoc.ca\\\/fr\\\/#organization\"},\"image\":{\"@id\":\"https:\\\/\\\/www.crcoc.ca\\\/fr\\\/call-for-volunteer-transportation-summer-replacement\\\/#primaryimage\"},\"thumbnailUrl\":\"https:\\\/\\\/www.crcoc.ca\\\/wp-content\\\/uploads\\\/2019\\\/02\\\/Icone-fr_22.png\",\"keywords\":[\"Volunteer\"],\"articleSection\":[\"Annonces\"],\"inLanguage\":\"fr-FR\"},{\"@type\":\"WebPage\",\"@id\":\"https:\\\/\\\/www.crcoc.ca\\\/fr\\\/call-for-volunteer-transportation-summer-replacement\\\/\",\"url\":\"https:\\\/\\\/www.crcoc.ca\\\/fr\\\/call-for-volunteer-transportation-summer-replacement\\\/\",\"name\":\"Poste combl\u00e9: Transport \u2013 remplacement d\u2019\u00e9t\u00e9 - CRCOC - OCCRC\",\"isPartOf\":{\"@id\":\"http:\\\/\\\/www.crcoc.ca\\\/fr\\\/#website\"},\"primaryImageOfPage\":{\"@id\":\"https:\\\/\\\/www.crcoc.ca\\\/fr\\\/call-for-volunteer-transportation-summer-replacement\\\/#primaryimage\"},\"image\":{\"@id\":\"https:\\\/\\\/www.crcoc.ca\\\/fr\\\/call-for-volunteer-transportation-summer-replacement\\\/#primaryimage\"},\"thumbnailUrl\":\"https:\\\/\\\/www.crcoc.ca\\\/wp-content\\\/uploads\\\/2019\\\/02\\\/Icone-fr_22.png\",\"datePublished\":\"2019-05-30T16:00:39+00:00\",\"dateModified\":\"2019-06-24T18:23:52+00:00\",\"breadcrumb\":{\"@id\":\"https:\\\/\\\/www.crcoc.ca\\\/fr\\\/call-for-volunteer-transportation-summer-replacement\\\/#breadcrumb\"},\"inLanguage\":\"fr-FR\",\"potentialAction\":[{\"@type\":\"ReadAction\",\"target\":[\"https:\\\/\\\/www.crcoc.ca\\\/fr\\\/call-for-volunteer-transportation-summer-replacement\\\/\"]}]},{\"@type\":\"ImageObject\",\"inLanguage\":\"fr-FR\",\"@id\":\"https:\\\/\\\/www.crcoc.ca\\\/fr\\\/call-for-volunteer-transportation-summer-replacement\\\/#primaryimage\",\"url\":\"https:\\\/\\\/www.crcoc.ca\\\/wp-content\\\/uploads\\\/2019\\\/02\\\/Icone-fr_22.png\",\"contentUrl\":\"https:\\\/\\\/www.crcoc.ca\\\/wp-content\\\/uploads\\\/2019\\\/02\\\/Icone-fr_22.png\",\"width\":251,\"height\":168},{\"@type\":\"BreadcrumbList\",\"@id\":\"https:\\\/\\\/www.crcoc.ca\\\/fr\\\/call-for-volunteer-transportation-summer-replacement\\\/#breadcrumb\",\"itemListElement\":[{\"@type\":\"ListItem\",\"position\":1,\"name\":\"Home\",\"item\":\"https:\\\/\\\/www.crcoc.ca\\\/fr\\\/\"},{\"@type\":\"ListItem\",\"position\":2,\"name\":\"Poste combl\u00e9: Transport \u2013 remplacement d\u2019\u00e9t\u00e9\"}]},{\"@type\":\"WebSite\",\"@id\":\"http:\\\/\\\/www.crcoc.ca\\\/fr\\\/#website\",\"url\":\"http:\\\/\\\/www.crcoc.ca\\\/fr\\\/\",\"name\":\"CRCOC - OCCRC\",\"description\":\"Centre de ressources communautaires Orl\u00e9ans-Cumberland | Orl\u00e9ans-Cumberland Community Resource Center\",\"publisher\":{\"@id\":\"http:\\\/\\\/www.crcoc.ca\\\/fr\\\/#organization\"},\"potentialAction\":[{\"@type\":\"SearchAction\",\"target\":{\"@type\":\"EntryPoint\",\"urlTemplate\":\"http:\\\/\\\/www.crcoc.ca\\\/fr\\\/?s={search_term_string}\"},\"query-input\":{\"@type\":\"PropertyValueSpecification\",\"valueRequired\":true,\"valueName\":\"search_term_string\"}}],\"inLanguage\":\"fr-FR\"},{\"@type\":\"Organization\",\"@id\":\"http:\\\/\\\/www.crcoc.ca\\\/fr\\\/#organization\",\"name\":\"Orl\u00e9ans-Cumberland Community Resource Centre\",\"url\":\"http:\\\/\\\/www.crcoc.ca\\\/fr\\\/\",\"logo\":{\"@type\":\"ImageObject\",\"inLanguage\":\"fr-FR\",\"@id\":\"http:\\\/\\\/www.crcoc.ca\\\/fr\\\/#\\\/schema\\\/logo\\\/image\\\/\",\"url\":\"https:\\\/\\\/www.crcoc.ca\\\/wp-content\\\/uploads\\\/2019\\\/01\\\/cropped-Logo_OCCRCeachside-1.png\",\"contentUrl\":\"https:\\\/\\\/www.crcoc.ca\\\/wp-content\\\/uploads\\\/2019\\\/01\\\/cropped-Logo_OCCRCeachside-1.png\",\"width\":512,\"height\":512,\"caption\":\"Orl\u00e9ans-Cumberland Community Resource Centre\"},\"image\":{\"@id\":\"http:\\\/\\\/www.crcoc.ca\\\/fr\\\/#\\\/schema\\\/logo\\\/image\\\/\"},\"sameAs\":[\"https:\\\/\\\/www.facebook.com\\\/OCCRC.CRCOC\\\/\",\"https:\\\/\\\/x.com\\\/OCCRC_CRCOC\",\"https:\\\/\\\/instagram.com\\\/occrcyp_crcocpj\\\/\"]},{\"@type\":\"Person\",\"@id\":\"http:\\\/\\\/www.crcoc.ca\\\/fr\\\/#\\\/schema\\\/person\\\/a4e3a6160ebb7cea751a4427b208c856\",\"name\":\"Suzanne Wert\",\"image\":{\"@type\":\"ImageObject\",\"inLanguage\":\"fr-FR\",\"@id\":\"https:\\\/\\\/secure.gravatar.com\\\/avatar\\\/b0788a1d01e83f50eb70b3edc7821b776303d0ff7ffdc3ec2fa1888c33135718?s=96&d=mm&r=g\",\"url\":\"https:\\\/\\\/secure.gravatar.com\\\/avatar\\\/b0788a1d01e83f50eb70b3edc7821b776303d0ff7ffdc3ec2fa1888c33135718?s=96&d=mm&r=g\",\"contentUrl\":\"https:\\\/\\\/secure.gravatar.com\\\/avatar\\\/b0788a1d01e83f50eb70b3edc7821b776303d0ff7ffdc3ec2fa1888c33135718?s=96&d=mm&r=g\",\"caption\":\"Suzanne Wert\"}}]}<\/script>\n<!-- \/ Yoast SEO plugin. -->","yoast_head_json":{"title":"Poste combl\u00e9: Transport \u2013 remplacement d\u2019\u00e9t\u00e9 - CRCOC - OCCRC","robots":{"index":"index","follow":"follow","max-snippet":"max-snippet:-1","max-image-preview":"max-image-preview:large","max-video-preview":"max-video-preview:-1"},"canonical":"https:\/\/www.crcoc.ca\/fr\/call-for-volunteer-transportation-summer-replacement\/","og_locale":"fr_FR","og_type":"article","og_title":"Poste combl\u00e9: Transport \u2013 remplacement d\u2019\u00e9t\u00e9 - CRCOC - OCCRC","og_description":"Le b\u00e9n\u00e9vole fournira le transport 1 fois par semaine, le jeudi, \u00e0 deux participantes qui assistent au groupe social du Centre. Poste de remplacement pour les mois de juillet, ao\u00fbt et septembre 2019. Le groupe commence \u00e0 13h jusqu\u2019\u00e0 15h. Exigence&nbsp;: document d\u2019assurance de v\u00e9hicule pour 2 millions. Le kilom\u00e9trage est rembours\u00e9. Si vous \u00eates ... Read more","og_url":"https:\/\/www.crcoc.ca\/fr\/call-for-volunteer-transportation-summer-replacement\/","og_site_name":"CRCOC - OCCRC","article_publisher":"https:\/\/www.facebook.com\/OCCRC.CRCOC\/","article_published_time":"2019-05-30T16:00:39+00:00","article_modified_time":"2019-06-24T18:23:52+00:00","og_image":[{"width":251,"height":168,"url":"http:\/\/www.crcoc.ca\/wp-content\/uploads\/2019\/02\/Icone-fr_22.png","type":"image\/png"}],"author":"Suzanne Wert","twitter_card":"summary_large_image","twitter_creator":"@OCCRC_CRCOC","twitter_site":"@OCCRC_CRCOC","twitter_misc":{"\u00c9crit par":"Suzanne Wert"},"schema":{"@context":"https:\/\/schema.org","@graph":[{"@type":"Article","@id":"https:\/\/www.crcoc.ca\/fr\/call-for-volunteer-transportation-summer-replacement\/#article","isPartOf":{"@id":"https:\/\/www.crcoc.ca\/fr\/call-for-volunteer-transportation-summer-replacement\/"},"author":{"name":"Suzanne Wert","@id":"http:\/\/www.crcoc.ca\/fr\/#\/schema\/person\/a4e3a6160ebb7cea751a4427b208c856"},"headline":"Poste combl\u00e9: Transport \u2013 remplacement d\u2019\u00e9t\u00e9","datePublished":"2019-05-30T16:00:39+00:00","dateModified":"2019-06-24T18:23:52+00:00","mainEntityOfPage":{"@id":"https:\/\/www.crcoc.ca\/fr\/call-for-volunteer-transportation-summer-replacement\/"},"wordCount":89,"publisher":{"@id":"http:\/\/www.crcoc.ca\/fr\/#organization"},"image":{"@id":"https:\/\/www.crcoc.ca\/fr\/call-for-volunteer-transportation-summer-replacement\/#primaryimage"},"thumbnailUrl":"https:\/\/www.crcoc.ca\/wp-content\/uploads\/2019\/02\/Icone-fr_22.png","keywords":["Volunteer"],"articleSection":["Annonces"],"inLanguage":"fr-FR"},{"@type":"WebPage","@id":"https:\/\/www.crcoc.ca\/fr\/call-for-volunteer-transportation-summer-replacement\/","url":"https:\/\/www.crcoc.ca\/fr\/call-for-volunteer-transportation-summer-replacement\/","name":"Poste combl\u00e9: Transport \u2013 remplacement d\u2019\u00e9t\u00e9 - CRCOC - OCCRC","isPartOf":{"@id":"http:\/\/www.crcoc.ca\/fr\/#website"},"primaryImageOfPage":{"@id":"https:\/\/www.crcoc.ca\/fr\/call-for-volunteer-transportation-summer-replacement\/#primaryimage"},"image":{"@id":"https:\/\/www.crcoc.ca\/fr\/call-for-volunteer-transportation-summer-replacement\/#primaryimage"},"thumbnailUrl":"https:\/\/www.crcoc.ca\/wp-content\/uploads\/2019\/02\/Icone-fr_22.png","datePublished":"2019-05-30T16:00:39+00:00","dateModified":"2019-06-24T18:23:52+00:00","breadcrumb":{"@id":"https:\/\/www.crcoc.ca\/fr\/call-for-volunteer-transportation-summer-replacement\/#breadcrumb"},"inLanguage":"fr-FR","potentialAction":[{"@type":"ReadAction","target":["https:\/\/www.crcoc.ca\/fr\/call-for-volunteer-transportation-summer-replacement\/"]}]},{"@type":"ImageObject","inLanguage":"fr-FR","@id":"https:\/\/www.crcoc.ca\/fr\/call-for-volunteer-transportation-summer-replacement\/#primaryimage","url":"https:\/\/www.crcoc.ca\/wp-content\/uploads\/2019\/02\/Icone-fr_22.png","contentUrl":"https:\/\/www.crcoc.ca\/wp-content\/uploads\/2019\/02\/Icone-fr_22.png","width":251,"height":168},{"@type":"BreadcrumbList","@id":"https:\/\/www.crcoc.ca\/fr\/call-for-volunteer-transportation-summer-replacement\/#breadcrumb","itemListElement":[{"@type":"ListItem","position":1,"name":"Home","item":"https:\/\/www.crcoc.ca\/fr\/"},{"@type":"ListItem","position":2,"name":"Poste combl\u00e9: Transport \u2013 remplacement d\u2019\u00e9t\u00e9"}]},{"@type":"WebSite","@id":"http:\/\/www.crcoc.ca\/fr\/#website","url":"http:\/\/www.crcoc.ca\/fr\/","name":"CRCOC - OCCRC","description":"Centre de ressources communautaires Orl\u00e9ans-Cumberland | Orl\u00e9ans-Cumberland Community Resource Center","publisher":{"@id":"http:\/\/www.crcoc.ca\/fr\/#organization"},"potentialAction":[{"@type":"SearchAction","target":{"@type":"EntryPoint","urlTemplate":"http:\/\/www.crcoc.ca\/fr\/?s={search_term_string}"},"query-input":{"@type":"PropertyValueSpecification","valueRequired":true,"valueName":"search_term_string"}}],"inLanguage":"fr-FR"},{"@type":"Organization","@id":"http:\/\/www.crcoc.ca\/fr\/#organization","name":"Orl\u00e9ans-Cumberland Community Resource Centre","url":"http:\/\/www.crcoc.ca\/fr\/","logo":{"@type":"ImageObject","inLanguage":"fr-FR","@id":"http:\/\/www.crcoc.ca\/fr\/#\/schema\/logo\/image\/","url":"https:\/\/www.crcoc.ca\/wp-content\/uploads\/2019\/01\/cropped-Logo_OCCRCeachside-1.png","contentUrl":"https:\/\/www.crcoc.ca\/wp-content\/uploads\/2019\/01\/cropped-Logo_OCCRCeachside-1.png","width":512,"height":512,"caption":"Orl\u00e9ans-Cumberland Community Resource Centre"},"image":{"@id":"http:\/\/www.crcoc.ca\/fr\/#\/schema\/logo\/image\/"},"sameAs":["https:\/\/www.facebook.com\/OCCRC.CRCOC\/","https:\/\/x.com\/OCCRC_CRCOC","https:\/\/instagram.com\/occrcyp_crcocpj\/"]},{"@type":"Person","@id":"http:\/\/www.crcoc.ca\/fr\/#\/schema\/person\/a4e3a6160ebb7cea751a4427b208c856","name":"Suzanne Wert","image":{"@type":"ImageObject","inLanguage":"fr-FR","@id":"https:\/\/secure.gravatar.com\/avatar\/b0788a1d01e83f50eb70b3edc7821b776303d0ff7ffdc3ec2fa1888c33135718?s=96&d=mm&r=g","url":"https:\/\/secure.gravatar.com\/avatar\/b0788a1d01e83f50eb70b3edc7821b776303d0ff7ffdc3ec2fa1888c33135718?s=96&d=mm&r=g","contentUrl":"https:\/\/secure.gravatar.com\/avatar\/b0788a1d01e83f50eb70b3edc7821b776303d0ff7ffdc3ec2fa1888c33135718?s=96&d=mm&r=g","caption":"Suzanne Wert"}}]}},"_links":{"self":[{"href":"https:\/\/www.crcoc.ca\/fr\/wp-json\/wp\/v2\/posts\/8371","targetHints":{"allow":["GET"]}}],"collection":[{"href":"https:\/\/www.crcoc.ca\/fr\/wp-json\/wp\/v2\/posts"}],"about":[{"href":"https:\/\/www.crcoc.ca\/fr\/wp-json\/wp\/v2\/types\/post"}],"author":[{"embeddable":true,"href":"https:\/\/www.crcoc.ca\/fr\/wp-json\/wp\/v2\/users\/11"}],"replies":[{"embeddable":true,"href":"https:\/\/www.crcoc.ca\/fr\/wp-json\/wp\/v2\/comments?post=8371"}],"version-history":[{"count":3,"href":"https:\/\/www.crcoc.ca\/fr\/wp-json\/wp\/v2\/posts\/8371\/revisions"}],"predecessor-version":[{"id":8746,"href":"https:\/\/www.crcoc.ca\/fr\/wp-json\/wp\/v2\/posts\/8371\/revisions\/8746"}],"wp:featuredmedia":[{"embeddable":true,"href":"https:\/\/www.crcoc.ca\/fr\/wp-json\/wp\/v2\/media\/1459"}],"wp:attachment":[{"href":"https:\/\/www.crcoc.ca\/fr\/wp-json\/wp\/v2\/media?parent=8371"}],"wp:term":[{"taxonomy":"category","embeddable":true,"href":"https:\/\/www.crcoc.ca\/fr\/wp-json\/wp\/v2\/categories?post=8371"},{"taxonomy":"post_tag","embeddable":true,"href":"https:\/\/www.crcoc.ca\/fr\/wp-json\/wp\/v2\/tags?post=8371"}],"curies":[{"name":"wp","href":"https:\/\/api.w.org\/{rel}","templated":true}]}}