{"id":26938,"date":"2023-01-18T09:14:26","date_gmt":"2023-01-18T14:14:26","guid":{"rendered":"https:\/\/www.crcoc.ca\/?p=26938"},"modified":"2023-01-18T09:35:33","modified_gmt":"2023-01-18T14:35:33","slug":"intervenantes-aupres-de-la-famille-nommee-pour-les-prix-ottawa-2023-the-2023-ottawa-awards","status":"publish","type":"post","link":"https:\/\/www.crcoc.ca\/fr\/intervenantes-aupres-de-la-famille-nommee-pour-les-prix-ottawa-2023-the-2023-ottawa-awards\/","title":{"rendered":"Intervenantes aupr\u00e8s de la famille nomm\u00e9e pour les Prix\u00a0Ottawa\u00a02023 \u00ab\u2009The 2023 Ottawa Awards\u2009\u00bb"},"content":{"rendered":"\n<p>Nous sommes fiers d\u2019annoncer que deux de nos intervenantes aupr\u00e8s de la famille, <strong>Dominik Lavictoire<\/strong> et <strong>Caroline Robillard<\/strong>, ont re\u00e7u des nominations pour les <strong>Prix\u00a0Ottawa\u00a02023 \u00ab\u2009The 2023 Ottawa Awards\u2009\u00bb<\/strong>, pr\u00e9sent\u00e9s par Mattamy Homes.\u00a0F\u00e9licitations\u2009!\u00a0<strong>Dominik <\/strong>a re\u00e7u des nominations dans les cat\u00e9gories <strong>\u00c9ducateur.trice de la petite enfance<\/strong> et <strong>Enseignant.e de l\u2019ann\u00e9e en \u00e9ducation sp\u00e9cialis\u00e9e<\/strong>, et <strong>Caroline <\/strong>a re\u00e7u une nomination dans la cat\u00e9gorie<strong> \u00c9ducateur.rice de la petite enfance<\/strong>.\u00a0Nous vous invitons \u00e0 f\u00e9liciter nos intervenantes et nous vous encourageons \u00e0 <strong>voter tous les jours<\/strong> jusqu\u2019au<strong>\u00a015\u00a0f\u00e9vrier 2023<\/strong>.\u00a0Les gagnants.es seront annonc\u00e9s lors de la soir\u00e9e de remise des prix, le\u00a0<strong>18\u00a0f\u00e9vrier<\/strong> au Centre Shaw. <strong>Nous vous remercions\u2009!<\/strong> <a href=\"https:\/\/facesmag.ca\/awards\/?fbclid=IwAR02AIU45oHMX8vNak7XK9Vhza9qRKebfDEtUTx4BPfPWyQ0vq-qg5lql6k#\/gallery?group=439180\">Soumettez votre vote\u2009!<\/a><\/p>\n\n\n\n<p><strong>* Veuillez noter que le site web est uniquement en anglais.<\/strong><\/p>\n","protected":false},"excerpt":{"rendered":"<p>Nous sommes fiers d\u2019annoncer que deux de nos intervenantes aupr\u00e8s de la famille, Dominik Lavictoire et Caroline Robillard, ont re\u00e7u des nominations pour les Prix\u00a0Ottawa\u00a02023 \u00ab\u2009The 2023 Ottawa Awards\u2009\u00bb, pr\u00e9sent\u00e9s par Mattamy Homes.\u00a0F\u00e9licitations\u2009!\u00a0Dominik a re\u00e7u des nominations dans les cat\u00e9gories \u00c9ducateur.trice de la petite enfance et Enseignant.e de l\u2019ann\u00e9e en \u00e9ducation sp\u00e9cialis\u00e9e, et Caroline a &#8230; <a title=\"Intervenantes aupr\u00e8s de la famille nomm\u00e9e pour les Prix\u00a0Ottawa\u00a02023 \u00ab\u2009The 2023 Ottawa Awards\u2009\u00bb\" class=\"read-more\" href=\"https:\/\/www.crcoc.ca\/fr\/intervenantes-aupres-de-la-famille-nommee-pour-les-prix-ottawa-2023-the-2023-ottawa-awards\/\">Read more<\/a><\/p>\n","protected":false},"author":11,"featured_media":26935,"comment_status":"closed","ping_status":"closed","sticky":false,"template":"","format":"standard","meta":{"footnotes":""},"categories":[17],"tags":[],"class_list":["post-26938","post","type-post","status-publish","format-standard","has-post-thumbnail","hentry","category-news"],"yoast_head":"<!-- This site is optimized with the Yoast SEO plugin v27.3 - https:\/\/yoast.com\/product\/yoast-seo-wordpress\/ -->\n<title>Intervenantes aupr\u00e8s de la famille nomm\u00e9e pour les Prix\u00a0Ottawa\u00a02023 \u00ab\u2009The 2023 Ottawa Awards\u2009\u00bb - CRCOC - OCCRC<\/title>\n<meta name=\"robots\" content=\"index, follow, max-snippet:-1, max-image-preview:large, max-video-preview:-1\" \/>\n<link rel=\"canonical\" href=\"https:\/\/www.crcoc.ca\/fr\/intervenantes-aupres-de-la-famille-nommee-pour-les-prix-ottawa-2023-the-2023-ottawa-awards\/\" \/>\n<meta property=\"og:locale\" content=\"fr_FR\" \/>\n<meta property=\"og:type\" content=\"article\" \/>\n<meta property=\"og:title\" content=\"Intervenantes aupr\u00e8s de la famille nomm\u00e9e pour les Prix\u00a0Ottawa\u00a02023 \u00ab\u2009The 2023 Ottawa Awards\u2009\u00bb - CRCOC - OCCRC\" \/>\n<meta property=\"og:description\" content=\"Nous sommes fiers d\u2019annoncer que deux de nos intervenantes aupr\u00e8s de la famille, Dominik Lavictoire et Caroline Robillard, ont re\u00e7u des nominations pour les Prix\u00a0Ottawa\u00a02023 \u00ab\u2009The 2023 Ottawa Awards\u2009\u00bb, pr\u00e9sent\u00e9s par Mattamy Homes.\u00a0F\u00e9licitations\u2009!\u00a0Dominik a re\u00e7u des nominations dans les cat\u00e9gories \u00c9ducateur.trice de la petite enfance et Enseignant.e de l\u2019ann\u00e9e en \u00e9ducation sp\u00e9cialis\u00e9e, et Caroline a ... Read more\" \/>\n<meta property=\"og:url\" content=\"https:\/\/www.crcoc.ca\/fr\/intervenantes-aupres-de-la-famille-nommee-pour-les-prix-ottawa-2023-the-2023-ottawa-awards\/\" \/>\n<meta property=\"og:site_name\" content=\"CRCOC - OCCRC\" \/>\n<meta property=\"article:publisher\" content=\"https:\/\/www.facebook.com\/OCCRC.CRCOC\/\" \/>\n<meta property=\"article:published_time\" content=\"2023-01-18T14:14:26+00:00\" \/>\n<meta property=\"article:modified_time\" content=\"2023-01-18T14:35:33+00:00\" \/>\n<meta property=\"og:image\" content=\"http:\/\/www.crcoc.ca\/wp-content\/uploads\/2023\/01\/Capture-decran-2023-01-13-085517-e1674051493293.png\" \/>\n\t<meta property=\"og:image:width\" content=\"150\" \/>\n\t<meta property=\"og:image:height\" content=\"153\" \/>\n\t<meta property=\"og:image:type\" content=\"image\/png\" \/>\n<meta name=\"author\" content=\"Suzanne Wert\" \/>\n<meta name=\"twitter:card\" content=\"summary_large_image\" \/>\n<meta name=\"twitter:creator\" content=\"@OCCRC_CRCOC\" \/>\n<meta name=\"twitter:site\" content=\"@OCCRC_CRCOC\" \/>\n<meta name=\"twitter:label1\" content=\"\u00c9crit par\" \/>\n\t<meta name=\"twitter:data1\" content=\"Suzanne Wert\" \/>\n\t<meta name=\"twitter:label2\" content=\"Dur\u00e9e de lecture estim\u00e9e\" \/>\n\t<meta name=\"twitter:data2\" content=\"1 minute\" \/>\n<script type=\"application\/ld+json\" class=\"yoast-schema-graph\">{\"@context\":\"https:\\\/\\\/schema.org\",\"@graph\":[{\"@type\":\"Article\",\"@id\":\"https:\\\/\\\/www.crcoc.ca\\\/fr\\\/intervenantes-aupres-de-la-famille-nommee-pour-les-prix-ottawa-2023-the-2023-ottawa-awards\\\/#article\",\"isPartOf\":{\"@id\":\"https:\\\/\\\/www.crcoc.ca\\\/fr\\\/intervenantes-aupres-de-la-famille-nommee-pour-les-prix-ottawa-2023-the-2023-ottawa-awards\\\/\"},\"author\":{\"name\":\"Suzanne Wert\",\"@id\":\"http:\\\/\\\/www.crcoc.ca\\\/fr\\\/#\\\/schema\\\/person\\\/a4e3a6160ebb7cea751a4427b208c856\"},\"headline\":\"Intervenantes aupr\u00e8s de la famille nomm\u00e9e pour les Prix\u00a0Ottawa\u00a02023 \u00ab\u2009The 2023 Ottawa Awards\u2009\u00bb\",\"datePublished\":\"2023-01-18T14:14:26+00:00\",\"dateModified\":\"2023-01-18T14:35:33+00:00\",\"mainEntityOfPage\":{\"@id\":\"https:\\\/\\\/www.crcoc.ca\\\/fr\\\/intervenantes-aupres-de-la-famille-nommee-pour-les-prix-ottawa-2023-the-2023-ottawa-awards\\\/\"},\"wordCount\":156,\"publisher\":{\"@id\":\"http:\\\/\\\/www.crcoc.ca\\\/fr\\\/#organization\"},\"image\":{\"@id\":\"https:\\\/\\\/www.crcoc.ca\\\/fr\\\/intervenantes-aupres-de-la-famille-nommee-pour-les-prix-ottawa-2023-the-2023-ottawa-awards\\\/#primaryimage\"},\"thumbnailUrl\":\"https:\\\/\\\/www.crcoc.ca\\\/wp-content\\\/uploads\\\/2023\\\/01\\\/Capture-decran-2023-01-13-085517-e1674051493293.png\",\"articleSection\":[\"News\"],\"inLanguage\":\"fr-FR\"},{\"@type\":\"WebPage\",\"@id\":\"https:\\\/\\\/www.crcoc.ca\\\/fr\\\/intervenantes-aupres-de-la-famille-nommee-pour-les-prix-ottawa-2023-the-2023-ottawa-awards\\\/\",\"url\":\"https:\\\/\\\/www.crcoc.ca\\\/fr\\\/intervenantes-aupres-de-la-famille-nommee-pour-les-prix-ottawa-2023-the-2023-ottawa-awards\\\/\",\"name\":\"Intervenantes aupr\u00e8s de la famille nomm\u00e9e pour les Prix\u00a0Ottawa\u00a02023 \u00ab\u2009The 2023 Ottawa Awards\u2009\u00bb - CRCOC - OCCRC\",\"isPartOf\":{\"@id\":\"http:\\\/\\\/www.crcoc.ca\\\/fr\\\/#website\"},\"primaryImageOfPage\":{\"@id\":\"https:\\\/\\\/www.crcoc.ca\\\/fr\\\/intervenantes-aupres-de-la-famille-nommee-pour-les-prix-ottawa-2023-the-2023-ottawa-awards\\\/#primaryimage\"},\"image\":{\"@id\":\"https:\\\/\\\/www.crcoc.ca\\\/fr\\\/intervenantes-aupres-de-la-famille-nommee-pour-les-prix-ottawa-2023-the-2023-ottawa-awards\\\/#primaryimage\"},\"thumbnailUrl\":\"https:\\\/\\\/www.crcoc.ca\\\/wp-content\\\/uploads\\\/2023\\\/01\\\/Capture-decran-2023-01-13-085517-e1674051493293.png\",\"datePublished\":\"2023-01-18T14:14:26+00:00\",\"dateModified\":\"2023-01-18T14:35:33+00:00\",\"breadcrumb\":{\"@id\":\"https:\\\/\\\/www.crcoc.ca\\\/fr\\\/intervenantes-aupres-de-la-famille-nommee-pour-les-prix-ottawa-2023-the-2023-ottawa-awards\\\/#breadcrumb\"},\"inLanguage\":\"fr-FR\",\"potentialAction\":[{\"@type\":\"ReadAction\",\"target\":[\"https:\\\/\\\/www.crcoc.ca\\\/fr\\\/intervenantes-aupres-de-la-famille-nommee-pour-les-prix-ottawa-2023-the-2023-ottawa-awards\\\/\"]}]},{\"@type\":\"ImageObject\",\"inLanguage\":\"fr-FR\",\"@id\":\"https:\\\/\\\/www.crcoc.ca\\\/fr\\\/intervenantes-aupres-de-la-famille-nommee-pour-les-prix-ottawa-2023-the-2023-ottawa-awards\\\/#primaryimage\",\"url\":\"https:\\\/\\\/www.crcoc.ca\\\/wp-content\\\/uploads\\\/2023\\\/01\\\/Capture-decran-2023-01-13-085517-e1674051493293.png\",\"contentUrl\":\"https:\\\/\\\/www.crcoc.ca\\\/wp-content\\\/uploads\\\/2023\\\/01\\\/Capture-decran-2023-01-13-085517-e1674051493293.png\",\"width\":150,\"height\":153},{\"@type\":\"BreadcrumbList\",\"@id\":\"https:\\\/\\\/www.crcoc.ca\\\/fr\\\/intervenantes-aupres-de-la-famille-nommee-pour-les-prix-ottawa-2023-the-2023-ottawa-awards\\\/#breadcrumb\",\"itemListElement\":[{\"@type\":\"ListItem\",\"position\":1,\"name\":\"Home\",\"item\":\"http:\\\/\\\/www.crcoc.ca\\\/fr\\\/\"},{\"@type\":\"ListItem\",\"position\":2,\"name\":\"Intervenantes aupr\u00e8s de la famille nomm\u00e9e pour les Prix\u00a0Ottawa\u00a02023 \u00ab\u2009The 2023 Ottawa Awards\u2009\u00bb\"}]},{\"@type\":\"WebSite\",\"@id\":\"http:\\\/\\\/www.crcoc.ca\\\/fr\\\/#website\",\"url\":\"http:\\\/\\\/www.crcoc.ca\\\/fr\\\/\",\"name\":\"CRCOC - OCCRC\",\"description\":\"Centre de ressources communautaires Orl\u00e9ans-Cumberland | Orl\u00e9ans-Cumberland Community Resource Center\",\"publisher\":{\"@id\":\"http:\\\/\\\/www.crcoc.ca\\\/fr\\\/#organization\"},\"potentialAction\":[{\"@type\":\"SearchAction\",\"target\":{\"@type\":\"EntryPoint\",\"urlTemplate\":\"http:\\\/\\\/www.crcoc.ca\\\/fr\\\/?s={search_term_string}\"},\"query-input\":{\"@type\":\"PropertyValueSpecification\",\"valueRequired\":true,\"valueName\":\"search_term_string\"}}],\"inLanguage\":\"fr-FR\"},{\"@type\":\"Organization\",\"@id\":\"http:\\\/\\\/www.crcoc.ca\\\/fr\\\/#organization\",\"name\":\"Orl\u00e9ans-Cumberland Community Resource Centre\",\"url\":\"http:\\\/\\\/www.crcoc.ca\\\/fr\\\/\",\"logo\":{\"@type\":\"ImageObject\",\"inLanguage\":\"fr-FR\",\"@id\":\"http:\\\/\\\/www.crcoc.ca\\\/fr\\\/#\\\/schema\\\/logo\\\/image\\\/\",\"url\":\"https:\\\/\\\/www.crcoc.ca\\\/wp-content\\\/uploads\\\/2019\\\/01\\\/cropped-Logo_OCCRCeachside-1.png\",\"contentUrl\":\"https:\\\/\\\/www.crcoc.ca\\\/wp-content\\\/uploads\\\/2019\\\/01\\\/cropped-Logo_OCCRCeachside-1.png\",\"width\":512,\"height\":512,\"caption\":\"Orl\u00e9ans-Cumberland Community Resource Centre\"},\"image\":{\"@id\":\"http:\\\/\\\/www.crcoc.ca\\\/fr\\\/#\\\/schema\\\/logo\\\/image\\\/\"},\"sameAs\":[\"https:\\\/\\\/www.facebook.com\\\/OCCRC.CRCOC\\\/\",\"https:\\\/\\\/x.com\\\/OCCRC_CRCOC\",\"https:\\\/\\\/instagram.com\\\/occrcyp_crcocpj\\\/\"]},{\"@type\":\"Person\",\"@id\":\"http:\\\/\\\/www.crcoc.ca\\\/fr\\\/#\\\/schema\\\/person\\\/a4e3a6160ebb7cea751a4427b208c856\",\"name\":\"Suzanne Wert\",\"image\":{\"@type\":\"ImageObject\",\"inLanguage\":\"fr-FR\",\"@id\":\"https:\\\/\\\/secure.gravatar.com\\\/avatar\\\/b0788a1d01e83f50eb70b3edc7821b776303d0ff7ffdc3ec2fa1888c33135718?s=96&d=mm&r=g\",\"url\":\"https:\\\/\\\/secure.gravatar.com\\\/avatar\\\/b0788a1d01e83f50eb70b3edc7821b776303d0ff7ffdc3ec2fa1888c33135718?s=96&d=mm&r=g\",\"contentUrl\":\"https:\\\/\\\/secure.gravatar.com\\\/avatar\\\/b0788a1d01e83f50eb70b3edc7821b776303d0ff7ffdc3ec2fa1888c33135718?s=96&d=mm&r=g\",\"caption\":\"Suzanne Wert\"}}]}<\/script>\n<!-- \/ Yoast SEO plugin. -->","yoast_head_json":{"title":"Intervenantes aupr\u00e8s de la famille nomm\u00e9e pour les Prix\u00a0Ottawa\u00a02023 \u00ab\u2009The 2023 Ottawa Awards\u2009\u00bb - CRCOC - OCCRC","robots":{"index":"index","follow":"follow","max-snippet":"max-snippet:-1","max-image-preview":"max-image-preview:large","max-video-preview":"max-video-preview:-1"},"canonical":"https:\/\/www.crcoc.ca\/fr\/intervenantes-aupres-de-la-famille-nommee-pour-les-prix-ottawa-2023-the-2023-ottawa-awards\/","og_locale":"fr_FR","og_type":"article","og_title":"Intervenantes aupr\u00e8s de la famille nomm\u00e9e pour les Prix\u00a0Ottawa\u00a02023 \u00ab\u2009The 2023 Ottawa Awards\u2009\u00bb - CRCOC - OCCRC","og_description":"Nous sommes fiers d\u2019annoncer que deux de nos intervenantes aupr\u00e8s de la famille, Dominik Lavictoire et Caroline Robillard, ont re\u00e7u des nominations pour les Prix\u00a0Ottawa\u00a02023 \u00ab\u2009The 2023 Ottawa Awards\u2009\u00bb, pr\u00e9sent\u00e9s par Mattamy Homes.\u00a0F\u00e9licitations\u2009!\u00a0Dominik a re\u00e7u des nominations dans les cat\u00e9gories \u00c9ducateur.trice de la petite enfance et Enseignant.e de l\u2019ann\u00e9e en \u00e9ducation sp\u00e9cialis\u00e9e, et Caroline a ... Read more","og_url":"https:\/\/www.crcoc.ca\/fr\/intervenantes-aupres-de-la-famille-nommee-pour-les-prix-ottawa-2023-the-2023-ottawa-awards\/","og_site_name":"CRCOC - OCCRC","article_publisher":"https:\/\/www.facebook.com\/OCCRC.CRCOC\/","article_published_time":"2023-01-18T14:14:26+00:00","article_modified_time":"2023-01-18T14:35:33+00:00","og_image":[{"width":150,"height":153,"url":"http:\/\/www.crcoc.ca\/wp-content\/uploads\/2023\/01\/Capture-decran-2023-01-13-085517-e1674051493293.png","type":"image\/png"}],"author":"Suzanne Wert","twitter_card":"summary_large_image","twitter_creator":"@OCCRC_CRCOC","twitter_site":"@OCCRC_CRCOC","twitter_misc":{"\u00c9crit par":"Suzanne Wert","Dur\u00e9e de lecture estim\u00e9e":"1 minute"},"schema":{"@context":"https:\/\/schema.org","@graph":[{"@type":"Article","@id":"https:\/\/www.crcoc.ca\/fr\/intervenantes-aupres-de-la-famille-nommee-pour-les-prix-ottawa-2023-the-2023-ottawa-awards\/#article","isPartOf":{"@id":"https:\/\/www.crcoc.ca\/fr\/intervenantes-aupres-de-la-famille-nommee-pour-les-prix-ottawa-2023-the-2023-ottawa-awards\/"},"author":{"name":"Suzanne Wert","@id":"http:\/\/www.crcoc.ca\/fr\/#\/schema\/person\/a4e3a6160ebb7cea751a4427b208c856"},"headline":"Intervenantes aupr\u00e8s de la famille nomm\u00e9e pour les Prix\u00a0Ottawa\u00a02023 \u00ab\u2009The 2023 Ottawa Awards\u2009\u00bb","datePublished":"2023-01-18T14:14:26+00:00","dateModified":"2023-01-18T14:35:33+00:00","mainEntityOfPage":{"@id":"https:\/\/www.crcoc.ca\/fr\/intervenantes-aupres-de-la-famille-nommee-pour-les-prix-ottawa-2023-the-2023-ottawa-awards\/"},"wordCount":156,"publisher":{"@id":"http:\/\/www.crcoc.ca\/fr\/#organization"},"image":{"@id":"https:\/\/www.crcoc.ca\/fr\/intervenantes-aupres-de-la-famille-nommee-pour-les-prix-ottawa-2023-the-2023-ottawa-awards\/#primaryimage"},"thumbnailUrl":"https:\/\/www.crcoc.ca\/wp-content\/uploads\/2023\/01\/Capture-decran-2023-01-13-085517-e1674051493293.png","articleSection":["News"],"inLanguage":"fr-FR"},{"@type":"WebPage","@id":"https:\/\/www.crcoc.ca\/fr\/intervenantes-aupres-de-la-famille-nommee-pour-les-prix-ottawa-2023-the-2023-ottawa-awards\/","url":"https:\/\/www.crcoc.ca\/fr\/intervenantes-aupres-de-la-famille-nommee-pour-les-prix-ottawa-2023-the-2023-ottawa-awards\/","name":"Intervenantes aupr\u00e8s de la famille nomm\u00e9e pour les Prix\u00a0Ottawa\u00a02023 \u00ab\u2009The 2023 Ottawa Awards\u2009\u00bb - CRCOC - OCCRC","isPartOf":{"@id":"http:\/\/www.crcoc.ca\/fr\/#website"},"primaryImageOfPage":{"@id":"https:\/\/www.crcoc.ca\/fr\/intervenantes-aupres-de-la-famille-nommee-pour-les-prix-ottawa-2023-the-2023-ottawa-awards\/#primaryimage"},"image":{"@id":"https:\/\/www.crcoc.ca\/fr\/intervenantes-aupres-de-la-famille-nommee-pour-les-prix-ottawa-2023-the-2023-ottawa-awards\/#primaryimage"},"thumbnailUrl":"https:\/\/www.crcoc.ca\/wp-content\/uploads\/2023\/01\/Capture-decran-2023-01-13-085517-e1674051493293.png","datePublished":"2023-01-18T14:14:26+00:00","dateModified":"2023-01-18T14:35:33+00:00","breadcrumb":{"@id":"https:\/\/www.crcoc.ca\/fr\/intervenantes-aupres-de-la-famille-nommee-pour-les-prix-ottawa-2023-the-2023-ottawa-awards\/#breadcrumb"},"inLanguage":"fr-FR","potentialAction":[{"@type":"ReadAction","target":["https:\/\/www.crcoc.ca\/fr\/intervenantes-aupres-de-la-famille-nommee-pour-les-prix-ottawa-2023-the-2023-ottawa-awards\/"]}]},{"@type":"ImageObject","inLanguage":"fr-FR","@id":"https:\/\/www.crcoc.ca\/fr\/intervenantes-aupres-de-la-famille-nommee-pour-les-prix-ottawa-2023-the-2023-ottawa-awards\/#primaryimage","url":"https:\/\/www.crcoc.ca\/wp-content\/uploads\/2023\/01\/Capture-decran-2023-01-13-085517-e1674051493293.png","contentUrl":"https:\/\/www.crcoc.ca\/wp-content\/uploads\/2023\/01\/Capture-decran-2023-01-13-085517-e1674051493293.png","width":150,"height":153},{"@type":"BreadcrumbList","@id":"https:\/\/www.crcoc.ca\/fr\/intervenantes-aupres-de-la-famille-nommee-pour-les-prix-ottawa-2023-the-2023-ottawa-awards\/#breadcrumb","itemListElement":[{"@type":"ListItem","position":1,"name":"Home","item":"http:\/\/www.crcoc.ca\/fr\/"},{"@type":"ListItem","position":2,"name":"Intervenantes aupr\u00e8s de la famille nomm\u00e9e pour les Prix\u00a0Ottawa\u00a02023 \u00ab\u2009The 2023 Ottawa Awards\u2009\u00bb"}]},{"@type":"WebSite","@id":"http:\/\/www.crcoc.ca\/fr\/#website","url":"http:\/\/www.crcoc.ca\/fr\/","name":"CRCOC - OCCRC","description":"Centre de ressources communautaires Orl\u00e9ans-Cumberland | Orl\u00e9ans-Cumberland Community Resource Center","publisher":{"@id":"http:\/\/www.crcoc.ca\/fr\/#organization"},"potentialAction":[{"@type":"SearchAction","target":{"@type":"EntryPoint","urlTemplate":"http:\/\/www.crcoc.ca\/fr\/?s={search_term_string}"},"query-input":{"@type":"PropertyValueSpecification","valueRequired":true,"valueName":"search_term_string"}}],"inLanguage":"fr-FR"},{"@type":"Organization","@id":"http:\/\/www.crcoc.ca\/fr\/#organization","name":"Orl\u00e9ans-Cumberland Community Resource Centre","url":"http:\/\/www.crcoc.ca\/fr\/","logo":{"@type":"ImageObject","inLanguage":"fr-FR","@id":"http:\/\/www.crcoc.ca\/fr\/#\/schema\/logo\/image\/","url":"https:\/\/www.crcoc.ca\/wp-content\/uploads\/2019\/01\/cropped-Logo_OCCRCeachside-1.png","contentUrl":"https:\/\/www.crcoc.ca\/wp-content\/uploads\/2019\/01\/cropped-Logo_OCCRCeachside-1.png","width":512,"height":512,"caption":"Orl\u00e9ans-Cumberland Community Resource Centre"},"image":{"@id":"http:\/\/www.crcoc.ca\/fr\/#\/schema\/logo\/image\/"},"sameAs":["https:\/\/www.facebook.com\/OCCRC.CRCOC\/","https:\/\/x.com\/OCCRC_CRCOC","https:\/\/instagram.com\/occrcyp_crcocpj\/"]},{"@type":"Person","@id":"http:\/\/www.crcoc.ca\/fr\/#\/schema\/person\/a4e3a6160ebb7cea751a4427b208c856","name":"Suzanne Wert","image":{"@type":"ImageObject","inLanguage":"fr-FR","@id":"https:\/\/secure.gravatar.com\/avatar\/b0788a1d01e83f50eb70b3edc7821b776303d0ff7ffdc3ec2fa1888c33135718?s=96&d=mm&r=g","url":"https:\/\/secure.gravatar.com\/avatar\/b0788a1d01e83f50eb70b3edc7821b776303d0ff7ffdc3ec2fa1888c33135718?s=96&d=mm&r=g","contentUrl":"https:\/\/secure.gravatar.com\/avatar\/b0788a1d01e83f50eb70b3edc7821b776303d0ff7ffdc3ec2fa1888c33135718?s=96&d=mm&r=g","caption":"Suzanne Wert"}}]}},"_links":{"self":[{"href":"https:\/\/www.crcoc.ca\/fr\/wp-json\/wp\/v2\/posts\/26938","targetHints":{"allow":["GET"]}}],"collection":[{"href":"https:\/\/www.crcoc.ca\/fr\/wp-json\/wp\/v2\/posts"}],"about":[{"href":"https:\/\/www.crcoc.ca\/fr\/wp-json\/wp\/v2\/types\/post"}],"author":[{"embeddable":true,"href":"https:\/\/www.crcoc.ca\/fr\/wp-json\/wp\/v2\/users\/11"}],"replies":[{"embeddable":true,"href":"https:\/\/www.crcoc.ca\/fr\/wp-json\/wp\/v2\/comments?post=26938"}],"version-history":[{"count":3,"href":"https:\/\/www.crcoc.ca\/fr\/wp-json\/wp\/v2\/posts\/26938\/revisions"}],"predecessor-version":[{"id":26962,"href":"https:\/\/www.crcoc.ca\/fr\/wp-json\/wp\/v2\/posts\/26938\/revisions\/26962"}],"wp:featuredmedia":[{"embeddable":true,"href":"https:\/\/www.crcoc.ca\/fr\/wp-json\/wp\/v2\/media\/26935"}],"wp:attachment":[{"href":"https:\/\/www.crcoc.ca\/fr\/wp-json\/wp\/v2\/media?parent=26938"}],"wp:term":[{"taxonomy":"category","embeddable":true,"href":"https:\/\/www.crcoc.ca\/fr\/wp-json\/wp\/v2\/categories?post=26938"},{"taxonomy":"post_tag","embeddable":true,"href":"https:\/\/www.crcoc.ca\/fr\/wp-json\/wp\/v2\/tags?post=26938"}],"curies":[{"name":"wp","href":"https:\/\/api.w.org\/{rel}","templated":true}]}}