{"id":10215,"date":"2019-10-09T12:25:30","date_gmt":"2019-10-09T16:25:30","guid":{"rendered":"https:\/\/www.crcoc.ca\/call-out-for-fundraising-volunteers\/"},"modified":"2019-10-09T12:28:11","modified_gmt":"2019-10-09T16:28:11","slug":"call-out-for-fundraising-volunteers","status":"publish","type":"post","link":"https:\/\/www.crcoc.ca\/fr\/call-out-for-fundraising-volunteers\/","title":{"rendered":"APPEL DE B\u00c9N\u00c9VOLES POUR ORGANISER DES COLLECTES DE FONDS"},"content":{"rendered":"\n<p>Le Centre de ressources communautaires\nOrl\u00e9ans-Cumberland cherche des b\u00e9n\u00e9voles pour l\u2019aider \u00e0 organiser des activit\u00e9s\net des collectes de fonds.<\/p>\n\n\n\n<p>Nous sommes \u00e0 la recherche de personnes qui ont des\nid\u00e9es novatrices et qui sont entreprenantes dans le but de recueillir des fonds\npour notre Centre et de faire conna\u00eetre celui-ci aupr\u00e8s de la communaut\u00e9.<\/p>\n\n\n\n<p>Relevant de la coordonnatrice du d\u00e9veloppement de\nfonds, des communications et du marketing, ces postes b\u00e9n\u00e9voles fourniront des\nid\u00e9es cr\u00e9atives et ing\u00e9nieuses pour organiser de nouveaux \u00e9v\u00e9nements et\nactivit\u00e9s de collecte de fonds. Ces b\u00e9n\u00e9voles auront pour t\u00e2che de&nbsp;:<\/p>\n\n\n\n<ul class=\"wp-block-list\"><li>entretenir des liens avec des partenaires\ncommunautaires et des groupes sociaux pour renforcer les relations avec ceux-ci\n<\/li><li>contribuer \u00e0 des activit\u00e9s communautaires, y compris monter\net d\u00e9monter la tente, les tables, les banni\u00e8res et autres pour les \u00e9v\u00e9nements<\/li><li>agir comme ambassadeurs ou ambassadrices pour le\nCentre dans la communaut\u00e9<\/li><li>aider \u00e0 la planification et \u00e0 la mise en \u0153uvre de\ndiff\u00e9rentes activit\u00e9s de collecte de fonds tout au long de l\u2019ann\u00e9e en\ncollaboration avec la coordonnatrice du d\u00e9veloppement de fonds, comme la soir\u00e9e\nannuelle de vins et fromages pour remercier les b\u00e9n\u00e9voles, le d\u00e9jeuner de\ncr\u00eapes, les bo\u00eetes de sous, le programme \u00ab&nbsp;Arbre des anges&nbsp;\u00bb, etc.<\/li><li>faire preuve d\u2019initiative et proposer des activit\u00e9s ou\ndes id\u00e9es de collecte de fonds qu\u2019il serait possible d\u2019organiser<\/li><li>imaginer et \u00e9laborer des strat\u00e9gies pour tenir des\nactivit\u00e9s communautaires et des collectes de fonds avec la coordonnatrice du\nd\u00e9veloppement de fonds <\/li><\/ul>\n\n\n\n<p>Si ces fonctions b\u00e9n\u00e9voles vous int\u00e9ressent, veuillez\ncommuniquer avec Suzanne Wert, gestionnaire des finances et de\nl\u2019administration, au 613-830-4357, poste&nbsp;208, pour de plus amples\ninformations.<\/p>\n","protected":false},"excerpt":{"rendered":"<p>Le Centre de ressources communautaires Orl\u00e9ans-Cumberland cherche des b\u00e9n\u00e9voles pour l\u2019aider \u00e0 organiser des activit\u00e9s et des collectes de fonds. Nous sommes \u00e0 la recherche de personnes qui ont des id\u00e9es novatrices et qui sont entreprenantes dans le but de recueillir des fonds pour notre Centre et de faire conna\u00eetre celui-ci aupr\u00e8s de la communaut\u00e9. &#8230; <a title=\"APPEL DE B\u00c9N\u00c9VOLES POUR ORGANISER DES COLLECTES DE FONDS\" class=\"read-more\" href=\"https:\/\/www.crcoc.ca\/fr\/call-out-for-fundraising-volunteers\/\">Read more<\/a><\/p>\n","protected":false},"author":11,"featured_media":0,"comment_status":"closed","ping_status":"closed","sticky":false,"template":"","format":"standard","meta":{"footnotes":""},"categories":[22],"tags":[52,53],"class_list":["post-10215","post","type-post","status-publish","format-standard","hentry","category-annonces","tag-volunteer","tag-volunteer-fr"],"yoast_head":"<!-- This site is optimized with the Yoast SEO plugin v27.3 - https:\/\/yoast.com\/product\/yoast-seo-wordpress\/ -->\n<title>APPEL DE B\u00c9N\u00c9VOLES POUR ORGANISER DES COLLECTES DE FONDS - CRCOC - OCCRC<\/title>\n<meta name=\"robots\" content=\"index, follow, max-snippet:-1, max-image-preview:large, max-video-preview:-1\" \/>\n<link rel=\"canonical\" href=\"https:\/\/www.crcoc.ca\/fr\/call-out-for-fundraising-volunteers\/\" \/>\n<meta property=\"og:locale\" content=\"fr_FR\" \/>\n<meta property=\"og:type\" content=\"article\" \/>\n<meta property=\"og:title\" content=\"APPEL DE B\u00c9N\u00c9VOLES POUR ORGANISER DES COLLECTES DE FONDS - CRCOC - OCCRC\" \/>\n<meta property=\"og:description\" content=\"Le Centre de ressources communautaires Orl\u00e9ans-Cumberland cherche des b\u00e9n\u00e9voles pour l\u2019aider \u00e0 organiser des activit\u00e9s et des collectes de fonds. Nous sommes \u00e0 la recherche de personnes qui ont des id\u00e9es novatrices et qui sont entreprenantes dans le but de recueillir des fonds pour notre Centre et de faire conna\u00eetre celui-ci aupr\u00e8s de la communaut\u00e9. ... Read more\" \/>\n<meta property=\"og:url\" content=\"https:\/\/www.crcoc.ca\/fr\/call-out-for-fundraising-volunteers\/\" \/>\n<meta property=\"og:site_name\" content=\"CRCOC - OCCRC\" \/>\n<meta property=\"article:publisher\" content=\"https:\/\/www.facebook.com\/OCCRC.CRCOC\/\" \/>\n<meta property=\"article:published_time\" content=\"2019-10-09T16:25:30+00:00\" \/>\n<meta property=\"article:modified_time\" content=\"2019-10-09T16:28:11+00:00\" \/>\n<meta name=\"author\" content=\"Suzanne Wert\" \/>\n<meta name=\"twitter:card\" content=\"summary_large_image\" \/>\n<meta name=\"twitter:creator\" content=\"@OCCRC_CRCOC\" \/>\n<meta name=\"twitter:site\" content=\"@OCCRC_CRCOC\" \/>\n<meta name=\"twitter:label1\" content=\"\u00c9crit par\" \/>\n\t<meta name=\"twitter:data1\" content=\"Suzanne Wert\" \/>\n\t<meta name=\"twitter:label2\" content=\"Dur\u00e9e de lecture estim\u00e9e\" \/>\n\t<meta name=\"twitter:data2\" content=\"2 minutes\" \/>\n<script type=\"application\/ld+json\" class=\"yoast-schema-graph\">{\"@context\":\"https:\\\/\\\/schema.org\",\"@graph\":[{\"@type\":\"Article\",\"@id\":\"https:\\\/\\\/www.crcoc.ca\\\/fr\\\/call-out-for-fundraising-volunteers\\\/#article\",\"isPartOf\":{\"@id\":\"https:\\\/\\\/www.crcoc.ca\\\/fr\\\/call-out-for-fundraising-volunteers\\\/\"},\"author\":{\"name\":\"Suzanne Wert\",\"@id\":\"http:\\\/\\\/www.crcoc.ca\\\/fr\\\/#\\\/schema\\\/person\\\/a4e3a6160ebb7cea751a4427b208c856\"},\"headline\":\"APPEL DE B\u00c9N\u00c9VOLES POUR ORGANISER DES COLLECTES DE FONDS\",\"datePublished\":\"2019-10-09T16:25:30+00:00\",\"dateModified\":\"2019-10-09T16:28:11+00:00\",\"mainEntityOfPage\":{\"@id\":\"https:\\\/\\\/www.crcoc.ca\\\/fr\\\/call-out-for-fundraising-volunteers\\\/\"},\"wordCount\":322,\"publisher\":{\"@id\":\"http:\\\/\\\/www.crcoc.ca\\\/fr\\\/#organization\"},\"keywords\":[\"Volunteer\",\"Volunteer\"],\"articleSection\":[\"Annonces\"],\"inLanguage\":\"fr-FR\"},{\"@type\":\"WebPage\",\"@id\":\"https:\\\/\\\/www.crcoc.ca\\\/fr\\\/call-out-for-fundraising-volunteers\\\/\",\"url\":\"https:\\\/\\\/www.crcoc.ca\\\/fr\\\/call-out-for-fundraising-volunteers\\\/\",\"name\":\"APPEL DE B\u00c9N\u00c9VOLES POUR ORGANISER DES COLLECTES DE FONDS - CRCOC - OCCRC\",\"isPartOf\":{\"@id\":\"http:\\\/\\\/www.crcoc.ca\\\/fr\\\/#website\"},\"datePublished\":\"2019-10-09T16:25:30+00:00\",\"dateModified\":\"2019-10-09T16:28:11+00:00\",\"breadcrumb\":{\"@id\":\"https:\\\/\\\/www.crcoc.ca\\\/fr\\\/call-out-for-fundraising-volunteers\\\/#breadcrumb\"},\"inLanguage\":\"fr-FR\",\"potentialAction\":[{\"@type\":\"ReadAction\",\"target\":[\"https:\\\/\\\/www.crcoc.ca\\\/fr\\\/call-out-for-fundraising-volunteers\\\/\"]}]},{\"@type\":\"BreadcrumbList\",\"@id\":\"https:\\\/\\\/www.crcoc.ca\\\/fr\\\/call-out-for-fundraising-volunteers\\\/#breadcrumb\",\"itemListElement\":[{\"@type\":\"ListItem\",\"position\":1,\"name\":\"Home\",\"item\":\"https:\\\/\\\/www.crcoc.ca\\\/fr\\\/\"},{\"@type\":\"ListItem\",\"position\":2,\"name\":\"APPEL DE B\u00c9N\u00c9VOLES POUR ORGANISER DES COLLECTES DE FONDS\"}]},{\"@type\":\"WebSite\",\"@id\":\"http:\\\/\\\/www.crcoc.ca\\\/fr\\\/#website\",\"url\":\"http:\\\/\\\/www.crcoc.ca\\\/fr\\\/\",\"name\":\"CRCOC - OCCRC\",\"description\":\"Centre de ressources communautaires Orl\u00e9ans-Cumberland | Orl\u00e9ans-Cumberland Community Resource Center\",\"publisher\":{\"@id\":\"http:\\\/\\\/www.crcoc.ca\\\/fr\\\/#organization\"},\"potentialAction\":[{\"@type\":\"SearchAction\",\"target\":{\"@type\":\"EntryPoint\",\"urlTemplate\":\"http:\\\/\\\/www.crcoc.ca\\\/fr\\\/?s={search_term_string}\"},\"query-input\":{\"@type\":\"PropertyValueSpecification\",\"valueRequired\":true,\"valueName\":\"search_term_string\"}}],\"inLanguage\":\"fr-FR\"},{\"@type\":\"Organization\",\"@id\":\"http:\\\/\\\/www.crcoc.ca\\\/fr\\\/#organization\",\"name\":\"Orl\u00e9ans-Cumberland Community Resource Centre\",\"url\":\"http:\\\/\\\/www.crcoc.ca\\\/fr\\\/\",\"logo\":{\"@type\":\"ImageObject\",\"inLanguage\":\"fr-FR\",\"@id\":\"http:\\\/\\\/www.crcoc.ca\\\/fr\\\/#\\\/schema\\\/logo\\\/image\\\/\",\"url\":\"https:\\\/\\\/www.crcoc.ca\\\/wp-content\\\/uploads\\\/2019\\\/01\\\/cropped-Logo_OCCRCeachside-1.png\",\"contentUrl\":\"https:\\\/\\\/www.crcoc.ca\\\/wp-content\\\/uploads\\\/2019\\\/01\\\/cropped-Logo_OCCRCeachside-1.png\",\"width\":512,\"height\":512,\"caption\":\"Orl\u00e9ans-Cumberland Community Resource Centre\"},\"image\":{\"@id\":\"http:\\\/\\\/www.crcoc.ca\\\/fr\\\/#\\\/schema\\\/logo\\\/image\\\/\"},\"sameAs\":[\"https:\\\/\\\/www.facebook.com\\\/OCCRC.CRCOC\\\/\",\"https:\\\/\\\/x.com\\\/OCCRC_CRCOC\",\"https:\\\/\\\/instagram.com\\\/occrcyp_crcocpj\\\/\"]},{\"@type\":\"Person\",\"@id\":\"http:\\\/\\\/www.crcoc.ca\\\/fr\\\/#\\\/schema\\\/person\\\/a4e3a6160ebb7cea751a4427b208c856\",\"name\":\"Suzanne Wert\",\"image\":{\"@type\":\"ImageObject\",\"inLanguage\":\"fr-FR\",\"@id\":\"https:\\\/\\\/secure.gravatar.com\\\/avatar\\\/b0788a1d01e83f50eb70b3edc7821b776303d0ff7ffdc3ec2fa1888c33135718?s=96&d=mm&r=g\",\"url\":\"https:\\\/\\\/secure.gravatar.com\\\/avatar\\\/b0788a1d01e83f50eb70b3edc7821b776303d0ff7ffdc3ec2fa1888c33135718?s=96&d=mm&r=g\",\"contentUrl\":\"https:\\\/\\\/secure.gravatar.com\\\/avatar\\\/b0788a1d01e83f50eb70b3edc7821b776303d0ff7ffdc3ec2fa1888c33135718?s=96&d=mm&r=g\",\"caption\":\"Suzanne Wert\"}}]}<\/script>\n<!-- \/ Yoast SEO plugin. -->","yoast_head_json":{"title":"APPEL DE B\u00c9N\u00c9VOLES POUR ORGANISER DES COLLECTES DE FONDS - CRCOC - OCCRC","robots":{"index":"index","follow":"follow","max-snippet":"max-snippet:-1","max-image-preview":"max-image-preview:large","max-video-preview":"max-video-preview:-1"},"canonical":"https:\/\/www.crcoc.ca\/fr\/call-out-for-fundraising-volunteers\/","og_locale":"fr_FR","og_type":"article","og_title":"APPEL DE B\u00c9N\u00c9VOLES POUR ORGANISER DES COLLECTES DE FONDS - CRCOC - OCCRC","og_description":"Le Centre de ressources communautaires Orl\u00e9ans-Cumberland cherche des b\u00e9n\u00e9voles pour l\u2019aider \u00e0 organiser des activit\u00e9s et des collectes de fonds. Nous sommes \u00e0 la recherche de personnes qui ont des id\u00e9es novatrices et qui sont entreprenantes dans le but de recueillir des fonds pour notre Centre et de faire conna\u00eetre celui-ci aupr\u00e8s de la communaut\u00e9. ... Read more","og_url":"https:\/\/www.crcoc.ca\/fr\/call-out-for-fundraising-volunteers\/","og_site_name":"CRCOC - OCCRC","article_publisher":"https:\/\/www.facebook.com\/OCCRC.CRCOC\/","article_published_time":"2019-10-09T16:25:30+00:00","article_modified_time":"2019-10-09T16:28:11+00:00","author":"Suzanne Wert","twitter_card":"summary_large_image","twitter_creator":"@OCCRC_CRCOC","twitter_site":"@OCCRC_CRCOC","twitter_misc":{"\u00c9crit par":"Suzanne Wert","Dur\u00e9e de lecture estim\u00e9e":"2 minutes"},"schema":{"@context":"https:\/\/schema.org","@graph":[{"@type":"Article","@id":"https:\/\/www.crcoc.ca\/fr\/call-out-for-fundraising-volunteers\/#article","isPartOf":{"@id":"https:\/\/www.crcoc.ca\/fr\/call-out-for-fundraising-volunteers\/"},"author":{"name":"Suzanne Wert","@id":"http:\/\/www.crcoc.ca\/fr\/#\/schema\/person\/a4e3a6160ebb7cea751a4427b208c856"},"headline":"APPEL DE B\u00c9N\u00c9VOLES POUR ORGANISER DES COLLECTES DE FONDS","datePublished":"2019-10-09T16:25:30+00:00","dateModified":"2019-10-09T16:28:11+00:00","mainEntityOfPage":{"@id":"https:\/\/www.crcoc.ca\/fr\/call-out-for-fundraising-volunteers\/"},"wordCount":322,"publisher":{"@id":"http:\/\/www.crcoc.ca\/fr\/#organization"},"keywords":["Volunteer","Volunteer"],"articleSection":["Annonces"],"inLanguage":"fr-FR"},{"@type":"WebPage","@id":"https:\/\/www.crcoc.ca\/fr\/call-out-for-fundraising-volunteers\/","url":"https:\/\/www.crcoc.ca\/fr\/call-out-for-fundraising-volunteers\/","name":"APPEL DE B\u00c9N\u00c9VOLES POUR ORGANISER DES COLLECTES DE FONDS - CRCOC - OCCRC","isPartOf":{"@id":"http:\/\/www.crcoc.ca\/fr\/#website"},"datePublished":"2019-10-09T16:25:30+00:00","dateModified":"2019-10-09T16:28:11+00:00","breadcrumb":{"@id":"https:\/\/www.crcoc.ca\/fr\/call-out-for-fundraising-volunteers\/#breadcrumb"},"inLanguage":"fr-FR","potentialAction":[{"@type":"ReadAction","target":["https:\/\/www.crcoc.ca\/fr\/call-out-for-fundraising-volunteers\/"]}]},{"@type":"BreadcrumbList","@id":"https:\/\/www.crcoc.ca\/fr\/call-out-for-fundraising-volunteers\/#breadcrumb","itemListElement":[{"@type":"ListItem","position":1,"name":"Home","item":"https:\/\/www.crcoc.ca\/fr\/"},{"@type":"ListItem","position":2,"name":"APPEL DE B\u00c9N\u00c9VOLES POUR ORGANISER DES COLLECTES DE FONDS"}]},{"@type":"WebSite","@id":"http:\/\/www.crcoc.ca\/fr\/#website","url":"http:\/\/www.crcoc.ca\/fr\/","name":"CRCOC - OCCRC","description":"Centre de ressources communautaires Orl\u00e9ans-Cumberland | Orl\u00e9ans-Cumberland Community Resource Center","publisher":{"@id":"http:\/\/www.crcoc.ca\/fr\/#organization"},"potentialAction":[{"@type":"SearchAction","target":{"@type":"EntryPoint","urlTemplate":"http:\/\/www.crcoc.ca\/fr\/?s={search_term_string}"},"query-input":{"@type":"PropertyValueSpecification","valueRequired":true,"valueName":"search_term_string"}}],"inLanguage":"fr-FR"},{"@type":"Organization","@id":"http:\/\/www.crcoc.ca\/fr\/#organization","name":"Orl\u00e9ans-Cumberland Community Resource Centre","url":"http:\/\/www.crcoc.ca\/fr\/","logo":{"@type":"ImageObject","inLanguage":"fr-FR","@id":"http:\/\/www.crcoc.ca\/fr\/#\/schema\/logo\/image\/","url":"https:\/\/www.crcoc.ca\/wp-content\/uploads\/2019\/01\/cropped-Logo_OCCRCeachside-1.png","contentUrl":"https:\/\/www.crcoc.ca\/wp-content\/uploads\/2019\/01\/cropped-Logo_OCCRCeachside-1.png","width":512,"height":512,"caption":"Orl\u00e9ans-Cumberland Community Resource Centre"},"image":{"@id":"http:\/\/www.crcoc.ca\/fr\/#\/schema\/logo\/image\/"},"sameAs":["https:\/\/www.facebook.com\/OCCRC.CRCOC\/","https:\/\/x.com\/OCCRC_CRCOC","https:\/\/instagram.com\/occrcyp_crcocpj\/"]},{"@type":"Person","@id":"http:\/\/www.crcoc.ca\/fr\/#\/schema\/person\/a4e3a6160ebb7cea751a4427b208c856","name":"Suzanne Wert","image":{"@type":"ImageObject","inLanguage":"fr-FR","@id":"https:\/\/secure.gravatar.com\/avatar\/b0788a1d01e83f50eb70b3edc7821b776303d0ff7ffdc3ec2fa1888c33135718?s=96&d=mm&r=g","url":"https:\/\/secure.gravatar.com\/avatar\/b0788a1d01e83f50eb70b3edc7821b776303d0ff7ffdc3ec2fa1888c33135718?s=96&d=mm&r=g","contentUrl":"https:\/\/secure.gravatar.com\/avatar\/b0788a1d01e83f50eb70b3edc7821b776303d0ff7ffdc3ec2fa1888c33135718?s=96&d=mm&r=g","caption":"Suzanne Wert"}}]}},"_links":{"self":[{"href":"https:\/\/www.crcoc.ca\/fr\/wp-json\/wp\/v2\/posts\/10215","targetHints":{"allow":["GET"]}}],"collection":[{"href":"https:\/\/www.crcoc.ca\/fr\/wp-json\/wp\/v2\/posts"}],"about":[{"href":"https:\/\/www.crcoc.ca\/fr\/wp-json\/wp\/v2\/types\/post"}],"author":[{"embeddable":true,"href":"https:\/\/www.crcoc.ca\/fr\/wp-json\/wp\/v2\/users\/11"}],"replies":[{"embeddable":true,"href":"https:\/\/www.crcoc.ca\/fr\/wp-json\/wp\/v2\/comments?post=10215"}],"version-history":[{"count":1,"href":"https:\/\/www.crcoc.ca\/fr\/wp-json\/wp\/v2\/posts\/10215\/revisions"}],"predecessor-version":[{"id":10216,"href":"https:\/\/www.crcoc.ca\/fr\/wp-json\/wp\/v2\/posts\/10215\/revisions\/10216"}],"wp:attachment":[{"href":"https:\/\/www.crcoc.ca\/fr\/wp-json\/wp\/v2\/media?parent=10215"}],"wp:term":[{"taxonomy":"category","embeddable":true,"href":"https:\/\/www.crcoc.ca\/fr\/wp-json\/wp\/v2\/categories?post=10215"},{"taxonomy":"post_tag","embeddable":true,"href":"https:\/\/www.crcoc.ca\/fr\/wp-json\/wp\/v2\/tags?post=10215"}],"curies":[{"name":"wp","href":"https:\/\/api.w.org\/{rel}","templated":true}]}}