{"id":22919,"date":"2021-12-31T12:02:19","date_gmt":"2021-12-31T17:02:19","guid":{"rendered":"https:\/\/www.crcoc.ca\/?p=22919"},"modified":"2022-04-27T05:19:33","modified_gmt":"2022-04-27T09:19:33","slug":"adjoint-e-administratif-tive-annonce-a-linterne-et-lexterne-2","status":"publish","type":"post","link":"http:\/\/www.crcoc.ca\/fr\/adjoint-e-administratif-tive-annonce-a-linterne-et-lexterne-2\/","title":{"rendered":"Poste combl\u00e9 &#8211; Adjoint.e administratif.tive &#8211; Annonce \u00e0 l\u2019interne et l\u2019externe"},"content":{"rendered":"\n<p>Le CRC Orl\u00e9ans-Cumberland embauche un.e adjoint.e administratif.tive \u00e0 temps partiel &#8211; permanent pour fournir un soutien administratif et organisationnel \u00e0 l\u2019\u00e9quipe de gestion. La personne fournira \u00e9galement du soutien pour modifier les politiques, remplacer la r\u00e9ceptionniste, r\u00e9diger les proc\u00e8s-verbaux, organiser les r\u00e9unions du personnel, appuyer la gestion dans la r\u00e9paration et l\u2019entretien de l\u2019immeuble et de l\u2019\u00e9quipement, le syst\u00e8me d\u2019alarme, la recherche, le suivi aupr\u00e8s des employ\u00e9s, la paie, etc. <a href=\"https:\/\/www.crcoc.ca\/fr\/job\/adjoint-e-administratif-tive-annonce-a-linterne-et-lexterne-2\/\" target=\"_blank\" rel=\"noreferrer noopener\">Pour plus d&rsquo;information&#8230;.<\/a><\/p>\n","protected":false},"excerpt":{"rendered":"<p>Le CRC Orl\u00e9ans-Cumberland embauche un.e adjoint.e administratif.tive \u00e0 temps partiel &#8211; permanent pour fournir un soutien administratif et organisationnel \u00e0 l\u2019\u00e9quipe de gestion. La personne fournira \u00e9galement du soutien pour modifier les politiques, remplacer la r\u00e9ceptionniste, r\u00e9diger les proc\u00e8s-verbaux, organiser les r\u00e9unions du personnel, appuyer la gestion dans la r\u00e9paration et l\u2019entretien de l\u2019immeuble et &#8230; <a title=\"Poste combl\u00e9 &#8211; Adjoint.e administratif.tive &#8211; Annonce \u00e0 l\u2019interne et l\u2019externe\" class=\"read-more\" href=\"http:\/\/www.crcoc.ca\/fr\/adjoint-e-administratif-tive-annonce-a-linterne-et-lexterne-2\/\">Read more<\/a><\/p>\n","protected":false},"author":11,"featured_media":6873,"comment_status":"closed","ping_status":"closed","sticky":false,"template":"","format":"standard","meta":{"footnotes":""},"categories":[48],"tags":[],"class_list":["post-22919","post","type-post","status-publish","format-standard","has-post-thumbnail","hentry","category-emplois"],"yoast_head":"<!-- This site is optimized with the Yoast SEO plugin v27.3 - https:\/\/yoast.com\/product\/yoast-seo-wordpress\/ -->\n<title>Poste combl\u00e9 - Adjoint.e administratif.tive - Annonce \u00e0 l\u2019interne et l\u2019externe - CRCOC - OCCRC<\/title>\n<meta name=\"robots\" content=\"index, follow, max-snippet:-1, max-image-preview:large, max-video-preview:-1\" \/>\n<link rel=\"canonical\" href=\"http:\/\/www.crcoc.ca\/fr\/adjoint-e-administratif-tive-annonce-a-linterne-et-lexterne-2\/\" \/>\n<meta property=\"og:locale\" content=\"fr_FR\" \/>\n<meta property=\"og:type\" content=\"article\" \/>\n<meta property=\"og:title\" content=\"Poste combl\u00e9 - Adjoint.e administratif.tive - Annonce \u00e0 l\u2019interne et l\u2019externe - CRCOC - OCCRC\" \/>\n<meta property=\"og:description\" content=\"Le CRC Orl\u00e9ans-Cumberland embauche un.e adjoint.e administratif.tive \u00e0 temps partiel &#8211; permanent pour fournir un soutien administratif et organisationnel \u00e0 l\u2019\u00e9quipe de gestion. La personne fournira \u00e9galement du soutien pour modifier les politiques, remplacer la r\u00e9ceptionniste, r\u00e9diger les proc\u00e8s-verbaux, organiser les r\u00e9unions du personnel, appuyer la gestion dans la r\u00e9paration et l\u2019entretien de l\u2019immeuble et ... Read more\" \/>\n<meta property=\"og:url\" content=\"http:\/\/www.crcoc.ca\/fr\/adjoint-e-administratif-tive-annonce-a-linterne-et-lexterne-2\/\" \/>\n<meta property=\"og:site_name\" content=\"CRCOC - OCCRC\" \/>\n<meta property=\"article:publisher\" content=\"https:\/\/www.facebook.com\/OCCRC.CRCOC\/\" \/>\n<meta property=\"article:published_time\" content=\"2021-12-31T17:02:19+00:00\" \/>\n<meta property=\"article:modified_time\" content=\"2022-04-27T09:19:33+00:00\" \/>\n<meta property=\"og:image\" content=\"https:\/\/www.crcoc.ca\/wp-content\/uploads\/2019\/03\/Logo_OCunder-e1534441345340.png\" \/>\n\t<meta property=\"og:image:width\" content=\"238\" \/>\n\t<meta property=\"og:image:height\" content=\"275\" \/>\n\t<meta property=\"og:image:type\" content=\"image\/png\" \/>\n<meta name=\"author\" content=\"Suzanne Wert\" \/>\n<meta name=\"twitter:card\" content=\"summary_large_image\" \/>\n<meta name=\"twitter:creator\" content=\"@OCCRC_CRCOC\" \/>\n<meta name=\"twitter:site\" content=\"@OCCRC_CRCOC\" \/>\n<meta name=\"twitter:label1\" content=\"\u00c9crit par\" \/>\n\t<meta name=\"twitter:data1\" content=\"Suzanne Wert\" \/>\n\t<meta name=\"twitter:label2\" content=\"Dur\u00e9e de lecture estim\u00e9e\" \/>\n\t<meta name=\"twitter:data2\" content=\"1 minute\" \/>\n<script type=\"application\/ld+json\" class=\"yoast-schema-graph\">{\"@context\":\"https:\\\/\\\/schema.org\",\"@graph\":[{\"@type\":\"Article\",\"@id\":\"http:\\\/\\\/www.crcoc.ca\\\/fr\\\/adjoint-e-administratif-tive-annonce-a-linterne-et-lexterne-2\\\/#article\",\"isPartOf\":{\"@id\":\"http:\\\/\\\/www.crcoc.ca\\\/fr\\\/adjoint-e-administratif-tive-annonce-a-linterne-et-lexterne-2\\\/\"},\"author\":{\"name\":\"Suzanne Wert\",\"@id\":\"http:\\\/\\\/www.crcoc.ca\\\/fr\\\/#\\\/schema\\\/person\\\/a4e3a6160ebb7cea751a4427b208c856\"},\"headline\":\"Poste combl\u00e9 &#8211; Adjoint.e administratif.tive &#8211; Annonce \u00e0 l\u2019interne et l\u2019externe\",\"datePublished\":\"2021-12-31T17:02:19+00:00\",\"dateModified\":\"2022-04-27T09:19:33+00:00\",\"mainEntityOfPage\":{\"@id\":\"http:\\\/\\\/www.crcoc.ca\\\/fr\\\/adjoint-e-administratif-tive-annonce-a-linterne-et-lexterne-2\\\/\"},\"wordCount\":103,\"publisher\":{\"@id\":\"http:\\\/\\\/www.crcoc.ca\\\/fr\\\/#organization\"},\"image\":{\"@id\":\"http:\\\/\\\/www.crcoc.ca\\\/fr\\\/adjoint-e-administratif-tive-annonce-a-linterne-et-lexterne-2\\\/#primaryimage\"},\"thumbnailUrl\":\"http:\\\/\\\/www.crcoc.ca\\\/wp-content\\\/uploads\\\/2019\\\/03\\\/Logo_OCunder-e1534441345340.png\",\"articleSection\":[\"Emplois\"],\"inLanguage\":\"fr-FR\"},{\"@type\":\"WebPage\",\"@id\":\"http:\\\/\\\/www.crcoc.ca\\\/fr\\\/adjoint-e-administratif-tive-annonce-a-linterne-et-lexterne-2\\\/\",\"url\":\"http:\\\/\\\/www.crcoc.ca\\\/fr\\\/adjoint-e-administratif-tive-annonce-a-linterne-et-lexterne-2\\\/\",\"name\":\"Poste combl\u00e9 - Adjoint.e administratif.tive - Annonce \u00e0 l\u2019interne et l\u2019externe - CRCOC - OCCRC\",\"isPartOf\":{\"@id\":\"http:\\\/\\\/www.crcoc.ca\\\/fr\\\/#website\"},\"primaryImageOfPage\":{\"@id\":\"http:\\\/\\\/www.crcoc.ca\\\/fr\\\/adjoint-e-administratif-tive-annonce-a-linterne-et-lexterne-2\\\/#primaryimage\"},\"image\":{\"@id\":\"http:\\\/\\\/www.crcoc.ca\\\/fr\\\/adjoint-e-administratif-tive-annonce-a-linterne-et-lexterne-2\\\/#primaryimage\"},\"thumbnailUrl\":\"http:\\\/\\\/www.crcoc.ca\\\/wp-content\\\/uploads\\\/2019\\\/03\\\/Logo_OCunder-e1534441345340.png\",\"datePublished\":\"2021-12-31T17:02:19+00:00\",\"dateModified\":\"2022-04-27T09:19:33+00:00\",\"breadcrumb\":{\"@id\":\"http:\\\/\\\/www.crcoc.ca\\\/fr\\\/adjoint-e-administratif-tive-annonce-a-linterne-et-lexterne-2\\\/#breadcrumb\"},\"inLanguage\":\"fr-FR\",\"potentialAction\":[{\"@type\":\"ReadAction\",\"target\":[\"http:\\\/\\\/www.crcoc.ca\\\/fr\\\/adjoint-e-administratif-tive-annonce-a-linterne-et-lexterne-2\\\/\"]}]},{\"@type\":\"ImageObject\",\"inLanguage\":\"fr-FR\",\"@id\":\"http:\\\/\\\/www.crcoc.ca\\\/fr\\\/adjoint-e-administratif-tive-annonce-a-linterne-et-lexterne-2\\\/#primaryimage\",\"url\":\"http:\\\/\\\/www.crcoc.ca\\\/wp-content\\\/uploads\\\/2019\\\/03\\\/Logo_OCunder-e1534441345340.png\",\"contentUrl\":\"http:\\\/\\\/www.crcoc.ca\\\/wp-content\\\/uploads\\\/2019\\\/03\\\/Logo_OCunder-e1534441345340.png\",\"width\":238,\"height\":275},{\"@type\":\"BreadcrumbList\",\"@id\":\"http:\\\/\\\/www.crcoc.ca\\\/fr\\\/adjoint-e-administratif-tive-annonce-a-linterne-et-lexterne-2\\\/#breadcrumb\",\"itemListElement\":[{\"@type\":\"ListItem\",\"position\":1,\"name\":\"Home\",\"item\":\"https:\\\/\\\/www.crcoc.ca\\\/fr\\\/\"},{\"@type\":\"ListItem\",\"position\":2,\"name\":\"Poste combl\u00e9 &#8211; Adjoint.e administratif.tive &#8211; Annonce \u00e0 l\u2019interne et l\u2019externe\"}]},{\"@type\":\"WebSite\",\"@id\":\"http:\\\/\\\/www.crcoc.ca\\\/fr\\\/#website\",\"url\":\"http:\\\/\\\/www.crcoc.ca\\\/fr\\\/\",\"name\":\"CRCOC - OCCRC\",\"description\":\"Centre de ressources communautaires Orl\u00e9ans-Cumberland | Orl\u00e9ans-Cumberland Community Resource Center\",\"publisher\":{\"@id\":\"http:\\\/\\\/www.crcoc.ca\\\/fr\\\/#organization\"},\"potentialAction\":[{\"@type\":\"SearchAction\",\"target\":{\"@type\":\"EntryPoint\",\"urlTemplate\":\"http:\\\/\\\/www.crcoc.ca\\\/fr\\\/?s={search_term_string}\"},\"query-input\":{\"@type\":\"PropertyValueSpecification\",\"valueRequired\":true,\"valueName\":\"search_term_string\"}}],\"inLanguage\":\"fr-FR\"},{\"@type\":\"Organization\",\"@id\":\"http:\\\/\\\/www.crcoc.ca\\\/fr\\\/#organization\",\"name\":\"Orl\u00e9ans-Cumberland Community Resource Centre\",\"url\":\"http:\\\/\\\/www.crcoc.ca\\\/fr\\\/\",\"logo\":{\"@type\":\"ImageObject\",\"inLanguage\":\"fr-FR\",\"@id\":\"http:\\\/\\\/www.crcoc.ca\\\/fr\\\/#\\\/schema\\\/logo\\\/image\\\/\",\"url\":\"https:\\\/\\\/www.crcoc.ca\\\/wp-content\\\/uploads\\\/2019\\\/01\\\/cropped-Logo_OCCRCeachside-1.png\",\"contentUrl\":\"https:\\\/\\\/www.crcoc.ca\\\/wp-content\\\/uploads\\\/2019\\\/01\\\/cropped-Logo_OCCRCeachside-1.png\",\"width\":512,\"height\":512,\"caption\":\"Orl\u00e9ans-Cumberland Community Resource Centre\"},\"image\":{\"@id\":\"http:\\\/\\\/www.crcoc.ca\\\/fr\\\/#\\\/schema\\\/logo\\\/image\\\/\"},\"sameAs\":[\"https:\\\/\\\/www.facebook.com\\\/OCCRC.CRCOC\\\/\",\"https:\\\/\\\/x.com\\\/OCCRC_CRCOC\",\"https:\\\/\\\/instagram.com\\\/occrcyp_crcocpj\\\/\"]},{\"@type\":\"Person\",\"@id\":\"http:\\\/\\\/www.crcoc.ca\\\/fr\\\/#\\\/schema\\\/person\\\/a4e3a6160ebb7cea751a4427b208c856\",\"name\":\"Suzanne Wert\",\"image\":{\"@type\":\"ImageObject\",\"inLanguage\":\"fr-FR\",\"@id\":\"https:\\\/\\\/secure.gravatar.com\\\/avatar\\\/b0788a1d01e83f50eb70b3edc7821b776303d0ff7ffdc3ec2fa1888c33135718?s=96&d=mm&r=g\",\"url\":\"https:\\\/\\\/secure.gravatar.com\\\/avatar\\\/b0788a1d01e83f50eb70b3edc7821b776303d0ff7ffdc3ec2fa1888c33135718?s=96&d=mm&r=g\",\"contentUrl\":\"https:\\\/\\\/secure.gravatar.com\\\/avatar\\\/b0788a1d01e83f50eb70b3edc7821b776303d0ff7ffdc3ec2fa1888c33135718?s=96&d=mm&r=g\",\"caption\":\"Suzanne Wert\"}}]}<\/script>\n<!-- \/ Yoast SEO plugin. -->","yoast_head_json":{"title":"Poste combl\u00e9 - Adjoint.e administratif.tive - Annonce \u00e0 l\u2019interne et l\u2019externe - CRCOC - OCCRC","robots":{"index":"index","follow":"follow","max-snippet":"max-snippet:-1","max-image-preview":"max-image-preview:large","max-video-preview":"max-video-preview:-1"},"canonical":"http:\/\/www.crcoc.ca\/fr\/adjoint-e-administratif-tive-annonce-a-linterne-et-lexterne-2\/","og_locale":"fr_FR","og_type":"article","og_title":"Poste combl\u00e9 - Adjoint.e administratif.tive - Annonce \u00e0 l\u2019interne et l\u2019externe - CRCOC - OCCRC","og_description":"Le CRC Orl\u00e9ans-Cumberland embauche un.e adjoint.e administratif.tive \u00e0 temps partiel &#8211; permanent pour fournir un soutien administratif et organisationnel \u00e0 l\u2019\u00e9quipe de gestion. La personne fournira \u00e9galement du soutien pour modifier les politiques, remplacer la r\u00e9ceptionniste, r\u00e9diger les proc\u00e8s-verbaux, organiser les r\u00e9unions du personnel, appuyer la gestion dans la r\u00e9paration et l\u2019entretien de l\u2019immeuble et ... Read more","og_url":"http:\/\/www.crcoc.ca\/fr\/adjoint-e-administratif-tive-annonce-a-linterne-et-lexterne-2\/","og_site_name":"CRCOC - OCCRC","article_publisher":"https:\/\/www.facebook.com\/OCCRC.CRCOC\/","article_published_time":"2021-12-31T17:02:19+00:00","article_modified_time":"2022-04-27T09:19:33+00:00","og_image":[{"width":238,"height":275,"url":"https:\/\/www.crcoc.ca\/wp-content\/uploads\/2019\/03\/Logo_OCunder-e1534441345340.png","type":"image\/png"}],"author":"Suzanne Wert","twitter_card":"summary_large_image","twitter_creator":"@OCCRC_CRCOC","twitter_site":"@OCCRC_CRCOC","twitter_misc":{"\u00c9crit par":"Suzanne Wert","Dur\u00e9e de lecture estim\u00e9e":"1 minute"},"schema":{"@context":"https:\/\/schema.org","@graph":[{"@type":"Article","@id":"http:\/\/www.crcoc.ca\/fr\/adjoint-e-administratif-tive-annonce-a-linterne-et-lexterne-2\/#article","isPartOf":{"@id":"http:\/\/www.crcoc.ca\/fr\/adjoint-e-administratif-tive-annonce-a-linterne-et-lexterne-2\/"},"author":{"name":"Suzanne Wert","@id":"http:\/\/www.crcoc.ca\/fr\/#\/schema\/person\/a4e3a6160ebb7cea751a4427b208c856"},"headline":"Poste combl\u00e9 &#8211; Adjoint.e administratif.tive &#8211; Annonce \u00e0 l\u2019interne et l\u2019externe","datePublished":"2021-12-31T17:02:19+00:00","dateModified":"2022-04-27T09:19:33+00:00","mainEntityOfPage":{"@id":"http:\/\/www.crcoc.ca\/fr\/adjoint-e-administratif-tive-annonce-a-linterne-et-lexterne-2\/"},"wordCount":103,"publisher":{"@id":"http:\/\/www.crcoc.ca\/fr\/#organization"},"image":{"@id":"http:\/\/www.crcoc.ca\/fr\/adjoint-e-administratif-tive-annonce-a-linterne-et-lexterne-2\/#primaryimage"},"thumbnailUrl":"http:\/\/www.crcoc.ca\/wp-content\/uploads\/2019\/03\/Logo_OCunder-e1534441345340.png","articleSection":["Emplois"],"inLanguage":"fr-FR"},{"@type":"WebPage","@id":"http:\/\/www.crcoc.ca\/fr\/adjoint-e-administratif-tive-annonce-a-linterne-et-lexterne-2\/","url":"http:\/\/www.crcoc.ca\/fr\/adjoint-e-administratif-tive-annonce-a-linterne-et-lexterne-2\/","name":"Poste combl\u00e9 - Adjoint.e administratif.tive - Annonce \u00e0 l\u2019interne et l\u2019externe - CRCOC - OCCRC","isPartOf":{"@id":"http:\/\/www.crcoc.ca\/fr\/#website"},"primaryImageOfPage":{"@id":"http:\/\/www.crcoc.ca\/fr\/adjoint-e-administratif-tive-annonce-a-linterne-et-lexterne-2\/#primaryimage"},"image":{"@id":"http:\/\/www.crcoc.ca\/fr\/adjoint-e-administratif-tive-annonce-a-linterne-et-lexterne-2\/#primaryimage"},"thumbnailUrl":"http:\/\/www.crcoc.ca\/wp-content\/uploads\/2019\/03\/Logo_OCunder-e1534441345340.png","datePublished":"2021-12-31T17:02:19+00:00","dateModified":"2022-04-27T09:19:33+00:00","breadcrumb":{"@id":"http:\/\/www.crcoc.ca\/fr\/adjoint-e-administratif-tive-annonce-a-linterne-et-lexterne-2\/#breadcrumb"},"inLanguage":"fr-FR","potentialAction":[{"@type":"ReadAction","target":["http:\/\/www.crcoc.ca\/fr\/adjoint-e-administratif-tive-annonce-a-linterne-et-lexterne-2\/"]}]},{"@type":"ImageObject","inLanguage":"fr-FR","@id":"http:\/\/www.crcoc.ca\/fr\/adjoint-e-administratif-tive-annonce-a-linterne-et-lexterne-2\/#primaryimage","url":"http:\/\/www.crcoc.ca\/wp-content\/uploads\/2019\/03\/Logo_OCunder-e1534441345340.png","contentUrl":"http:\/\/www.crcoc.ca\/wp-content\/uploads\/2019\/03\/Logo_OCunder-e1534441345340.png","width":238,"height":275},{"@type":"BreadcrumbList","@id":"http:\/\/www.crcoc.ca\/fr\/adjoint-e-administratif-tive-annonce-a-linterne-et-lexterne-2\/#breadcrumb","itemListElement":[{"@type":"ListItem","position":1,"name":"Home","item":"https:\/\/www.crcoc.ca\/fr\/"},{"@type":"ListItem","position":2,"name":"Poste combl\u00e9 &#8211; Adjoint.e administratif.tive &#8211; Annonce \u00e0 l\u2019interne et l\u2019externe"}]},{"@type":"WebSite","@id":"http:\/\/www.crcoc.ca\/fr\/#website","url":"http:\/\/www.crcoc.ca\/fr\/","name":"CRCOC - OCCRC","description":"Centre de ressources communautaires Orl\u00e9ans-Cumberland | Orl\u00e9ans-Cumberland Community Resource Center","publisher":{"@id":"http:\/\/www.crcoc.ca\/fr\/#organization"},"potentialAction":[{"@type":"SearchAction","target":{"@type":"EntryPoint","urlTemplate":"http:\/\/www.crcoc.ca\/fr\/?s={search_term_string}"},"query-input":{"@type":"PropertyValueSpecification","valueRequired":true,"valueName":"search_term_string"}}],"inLanguage":"fr-FR"},{"@type":"Organization","@id":"http:\/\/www.crcoc.ca\/fr\/#organization","name":"Orl\u00e9ans-Cumberland Community Resource Centre","url":"http:\/\/www.crcoc.ca\/fr\/","logo":{"@type":"ImageObject","inLanguage":"fr-FR","@id":"http:\/\/www.crcoc.ca\/fr\/#\/schema\/logo\/image\/","url":"https:\/\/www.crcoc.ca\/wp-content\/uploads\/2019\/01\/cropped-Logo_OCCRCeachside-1.png","contentUrl":"https:\/\/www.crcoc.ca\/wp-content\/uploads\/2019\/01\/cropped-Logo_OCCRCeachside-1.png","width":512,"height":512,"caption":"Orl\u00e9ans-Cumberland Community Resource Centre"},"image":{"@id":"http:\/\/www.crcoc.ca\/fr\/#\/schema\/logo\/image\/"},"sameAs":["https:\/\/www.facebook.com\/OCCRC.CRCOC\/","https:\/\/x.com\/OCCRC_CRCOC","https:\/\/instagram.com\/occrcyp_crcocpj\/"]},{"@type":"Person","@id":"http:\/\/www.crcoc.ca\/fr\/#\/schema\/person\/a4e3a6160ebb7cea751a4427b208c856","name":"Suzanne Wert","image":{"@type":"ImageObject","inLanguage":"fr-FR","@id":"https:\/\/secure.gravatar.com\/avatar\/b0788a1d01e83f50eb70b3edc7821b776303d0ff7ffdc3ec2fa1888c33135718?s=96&d=mm&r=g","url":"https:\/\/secure.gravatar.com\/avatar\/b0788a1d01e83f50eb70b3edc7821b776303d0ff7ffdc3ec2fa1888c33135718?s=96&d=mm&r=g","contentUrl":"https:\/\/secure.gravatar.com\/avatar\/b0788a1d01e83f50eb70b3edc7821b776303d0ff7ffdc3ec2fa1888c33135718?s=96&d=mm&r=g","caption":"Suzanne Wert"}}]}},"_links":{"self":[{"href":"http:\/\/www.crcoc.ca\/fr\/wp-json\/wp\/v2\/posts\/22919","targetHints":{"allow":["GET"]}}],"collection":[{"href":"http:\/\/www.crcoc.ca\/fr\/wp-json\/wp\/v2\/posts"}],"about":[{"href":"http:\/\/www.crcoc.ca\/fr\/wp-json\/wp\/v2\/types\/post"}],"author":[{"embeddable":true,"href":"http:\/\/www.crcoc.ca\/fr\/wp-json\/wp\/v2\/users\/11"}],"replies":[{"embeddable":true,"href":"http:\/\/www.crcoc.ca\/fr\/wp-json\/wp\/v2\/comments?post=22919"}],"version-history":[{"count":2,"href":"http:\/\/www.crcoc.ca\/fr\/wp-json\/wp\/v2\/posts\/22919\/revisions"}],"predecessor-version":[{"id":23917,"href":"http:\/\/www.crcoc.ca\/fr\/wp-json\/wp\/v2\/posts\/22919\/revisions\/23917"}],"wp:featuredmedia":[{"embeddable":true,"href":"http:\/\/www.crcoc.ca\/fr\/wp-json\/wp\/v2\/media\/6873"}],"wp:attachment":[{"href":"http:\/\/www.crcoc.ca\/fr\/wp-json\/wp\/v2\/media?parent=22919"}],"wp:term":[{"taxonomy":"category","embeddable":true,"href":"http:\/\/www.crcoc.ca\/fr\/wp-json\/wp\/v2\/categories?post=22919"},{"taxonomy":"post_tag","embeddable":true,"href":"http:\/\/www.crcoc.ca\/fr\/wp-json\/wp\/v2\/tags?post=22919"}],"curies":[{"name":"wp","href":"https:\/\/api.w.org\/{rel}","templated":true}]}}